{"id":987508970,"date":"2025-04-15T14:46:37","date_gmt":"2025-04-15T14:46:37","guid":{"rendered":"https:\/\/gregorydamy.niceavocats.fr\/?p=987508970"},"modified":"2025-04-15T15:04:40","modified_gmt":"2025-04-15T15:04:40","slug":"lindifference-des-predispositions-pathologiques-de-la-victime-dans-le-calcul-de-son-indemnisation","status":"publish","type":"post","link":"https:\/\/gregorydamy.niceavocats.fr\/en\/lindifference-des-predispositions-pathologiques-de-la-victime-dans-le-calcul-de-son-indemnisation\/","title":{"rendered":"Disregarding the victim&#8217;s pathological predispositions when calculating compensation"},"content":{"rendered":"<p>For a number of years, legal developments have constantly worked to significantly improve compensation for victims of personal injury.<br \/>\nThe Second Civil Chamber of the Court of Cassation ruled in this direction in a decision dated 15 February 2024 (no. 22-20.994), reaffirming that the victim&#8217;s pathological predispositions should not be taken into account when calculating compensation.<\/p>\n<p>The fundamental principle of full compensation for loss<\/p>\n<p>Traditionally, the courts only compensate loss resulting directly from the harmful event, thus excluding loss attributable to a pre-existing pathological condition already revealed in the victim.<br \/>\nHowever, in this ruling, the High Court reiterates an essential point: the right to full compensation for personal injury cannot be reduced as a result of a pathological predisposition on the part of the victim, when the resulting condition was only caused or revealed by the injurious event.<br \/>\nIn other words, if an underlying pathology had never affected the victim before the accident and it was the accident that revealed its effects, then full compensation must be paid.<\/p>\n<p>An exception limited to marginal cases<\/p>\n<p>There remains an exception to this statement when the previous condition had a definite course within a determinable period of time.<br \/>\nIn fact, if the latent pathology was revealed by the accident but would inevitably have manifested itself within a foreseeable period in the absence of any damage, it will inevitably be taken into account when assessing the victim&#8217;s compensation.<\/p>\n<p>Why is this decision part of a trend in case law that is favourable to victims?<\/p>\n<p>Unless it can be proved that the victim was aware of the pathology and that it was certain to develop within a foreseeable period of time, its existence cannot justify a reduction in the victim&#8217;s right to full compensation.<br \/>\nSince in the majority of situations, the evolution of a pathology remains uncertain over time, this protective position for victims reduces to a minimum the possibilities for insurers to invoke a previous condition in order to restrict the amount of compensation.<\/p>\n<p>Don&#8217;t let your compensation be underestimated!<br \/>\nThe principle of full compensation means that victims must be restored to the state they were in before the harmful event. No victim should be penalised because of a previous fragility which, without the harmful event, would probably have remained latent or would have manifested itself much later.<\/p>\n<p>There are many subtleties to personal injury law, and every detail counts to ensure that the victim&#8217;s rights are respected.<\/p>\n<p>So if you&#8217;ve had an accident, don&#8217;t let your compensation be undervalued. DAMY Law Firm puts its expertise at your service to defend your interests effectively and get you the compensation you deserve.<\/p>\n<p>&nbsp;<\/p>\n<p><img decoding=\"async\" class=\"alignnone size-medium wp-image-987508965\" src=\"https:\/\/gregorydamy.niceavocats.fr\/wp-content\/uploads\/2025\/04\/250414-article-prejudice-corporel-300x300.png\" alt=\"\" width=\"300\" height=\"300\" \/><\/p>\n","protected":false},"excerpt":{"rendered":"<p>The Second Civil Chamber of the Court of Cassation ruled in this vein in a decision dated 15 February 2024 (no. 22-20.994), reaffirming that the victim&#8217;s pathological predispositions could not be taken into account when calculating compensation.<\/p>\n","protected":false},"author":1,"featured_media":0,"comment_status":"closed","ping_status":"open","sticky":false,"template":"","format":"standard","meta":{"_et_pb_use_builder":"","_et_pb_old_content":"","_et_gb_content_width":"","footnotes":""},"categories":[1],"tags":[],"class_list":["post-987508970","post","type-post","status-publish","format-standard","hentry","category-non-classifiee"],"yoast_head":"<!-- This site is optimized with the Yoast SEO plugin v26.8 - https:\/\/yoast.com\/product\/yoast-seo-wordpress\/ -->\n<title>Disregarding the victim&#039;s pathological predispositions when calculating compensation - Soci\u00e9t\u00e9 d&#039;avocats Damy<\/title>\n<meta name=\"description\" content=\"the Court of Cassation affirming that the victim&#039;s pathological predispositions should not be taken into account.\" \/>\n<meta name=\"robots\" content=\"index, follow, max-snippet:-1, max-image-preview:large, max-video-preview:-1\" \/>\n<link rel=\"canonical\" href=\"https:\/\/gregorydamy.niceavocats.fr\/en\/lindifference-des-predispositions-pathologiques-de-la-victime-dans-le-calcul-de-son-indemnisation\/\" \/>\n<meta property=\"og:locale\" content=\"en_US\" \/>\n<meta property=\"og:type\" content=\"article\" \/>\n<meta property=\"og:title\" content=\"Disregarding the victim&#039;s pathological predispositions when calculating compensation - Soci\u00e9t\u00e9 d&#039;avocats Damy\" \/>\n<meta property=\"og:description\" content=\"the Court of Cassation affirming that the victim&#039;s pathological predispositions should not be taken into account.\" \/>\n<meta property=\"og:url\" content=\"https:\/\/gregorydamy.niceavocats.fr\/en\/lindifference-des-predispositions-pathologiques-de-la-victime-dans-le-calcul-de-son-indemnisation\/\" \/>\n<meta property=\"og:site_name\" content=\"Soci\u00e9t\u00e9 d&#039;avocats Damy\" \/>\n<meta property=\"article:publisher\" content=\"https:\/\/www.facebook.com\/niceavocats.fr\/\" \/>\n<meta property=\"article:published_time\" content=\"2025-04-15T14:46:37+00:00\" \/>\n<meta property=\"article:modified_time\" content=\"2025-04-15T15:04:40+00:00\" \/>\n<meta property=\"og:image\" content=\"https:\/\/gregorydamy.niceavocats.fr\/wp-content\/uploads\/2025\/04\/250414-article-prejudice-corporel.png\" \/>\n\t<meta property=\"og:image:width\" content=\"482\" \/>\n\t<meta property=\"og:image:height\" content=\"482\" \/>\n\t<meta property=\"og:image:type\" content=\"image\/png\" \/>\n<meta name=\"author\" content=\"admin\" \/>\n<meta name=\"twitter:card\" content=\"summary_large_image\" \/>\n<meta name=\"twitter:label1\" content=\"Written by\" \/>\n\t<meta name=\"twitter:data1\" content=\"admin\" \/>\n\t<meta name=\"twitter:label2\" content=\"Est. reading time\" \/>\n\t<meta name=\"twitter:data2\" content=\"3 minutes\" \/>\n<script type=\"application\/ld+json\" class=\"yoast-schema-graph\">{\"@context\":\"https:\/\/schema.org\",\"@graph\":[{\"@type\":\"Article\",\"@id\":\"https:\/\/gregorydamy.niceavocats.fr\/en\/lindifference-des-predispositions-pathologiques-de-la-victime-dans-le-calcul-de-son-indemnisation\/#article\",\"isPartOf\":{\"@id\":\"https:\/\/gregorydamy.niceavocats.fr\/en\/lindifference-des-predispositions-pathologiques-de-la-victime-dans-le-calcul-de-son-indemnisation\/\"},\"author\":{\"name\":\"admin\",\"@id\":\"https:\/\/gregorydamy.niceavocats.fr\/en\/#\/schema\/person\/64c9f9acb07431f6b55f72278b4a5d57\"},\"headline\":\"Disregarding the victim&#8217;s pathological predispositions when calculating compensation\",\"datePublished\":\"2025-04-15T14:46:37+00:00\",\"dateModified\":\"2025-04-15T15:04:40+00:00\",\"mainEntityOfPage\":{\"@id\":\"https:\/\/gregorydamy.niceavocats.fr\/en\/lindifference-des-predispositions-pathologiques-de-la-victime-dans-le-calcul-de-son-indemnisation\/\"},\"wordCount\":452,\"publisher\":{\"@id\":\"https:\/\/gregorydamy.niceavocats.fr\/en\/#organization\"},\"image\":{\"@id\":\"https:\/\/gregorydamy.niceavocats.fr\/en\/lindifference-des-predispositions-pathologiques-de-la-victime-dans-le-calcul-de-son-indemnisation\/#primaryimage\"},\"thumbnailUrl\":\"https:\/\/gregorydamy.niceavocats.fr\/wp-content\/uploads\/2025\/04\/250414-article-prejudice-corporel-300x300.png\",\"articleSection\":[\"Non classifi\u00e9(e)\"],\"inLanguage\":\"en-US\"},{\"@type\":\"WebPage\",\"@id\":\"https:\/\/gregorydamy.niceavocats.fr\/en\/lindifference-des-predispositions-pathologiques-de-la-victime-dans-le-calcul-de-son-indemnisation\/\",\"url\":\"https:\/\/gregorydamy.niceavocats.fr\/en\/lindifference-des-predispositions-pathologiques-de-la-victime-dans-le-calcul-de-son-indemnisation\/\",\"name\":\"Disregarding the victim's pathological predispositions when calculating compensation - Soci\u00e9t\u00e9 d&#039;avocats Damy\",\"isPartOf\":{\"@id\":\"https:\/\/gregorydamy.niceavocats.fr\/en\/#website\"},\"primaryImageOfPage\":{\"@id\":\"https:\/\/gregorydamy.niceavocats.fr\/en\/lindifference-des-predispositions-pathologiques-de-la-victime-dans-le-calcul-de-son-indemnisation\/#primaryimage\"},\"image\":{\"@id\":\"https:\/\/gregorydamy.niceavocats.fr\/en\/lindifference-des-predispositions-pathologiques-de-la-victime-dans-le-calcul-de-son-indemnisation\/#primaryimage\"},\"thumbnailUrl\":\"https:\/\/gregorydamy.niceavocats.fr\/wp-content\/uploads\/2025\/04\/250414-article-prejudice-corporel-300x300.png\",\"datePublished\":\"2025-04-15T14:46:37+00:00\",\"dateModified\":\"2025-04-15T15:04:40+00:00\",\"description\":\"the Court of Cassation affirming that the victim's pathological predispositions should not be taken into account.\",\"breadcrumb\":{\"@id\":\"https:\/\/gregorydamy.niceavocats.fr\/en\/lindifference-des-predispositions-pathologiques-de-la-victime-dans-le-calcul-de-son-indemnisation\/#breadcrumb\"},\"inLanguage\":\"en-US\",\"potentialAction\":[{\"@type\":\"ReadAction\",\"target\":[\"https:\/\/gregorydamy.niceavocats.fr\/en\/lindifference-des-predispositions-pathologiques-de-la-victime-dans-le-calcul-de-son-indemnisation\/\"]}]},{\"@type\":\"ImageObject\",\"inLanguage\":\"en-US\",\"@id\":\"https:\/\/gregorydamy.niceavocats.fr\/en\/lindifference-des-predispositions-pathologiques-de-la-victime-dans-le-calcul-de-son-indemnisation\/#primaryimage\",\"url\":\"https:\/\/gregorydamy.niceavocats.fr\/wp-content\/uploads\/2025\/04\/250414-article-prejudice-corporel-300x300.png\",\"contentUrl\":\"https:\/\/gregorydamy.niceavocats.fr\/wp-content\/uploads\/2025\/04\/250414-article-prejudice-corporel-300x300.png\"},{\"@type\":\"BreadcrumbList\",\"@id\":\"https:\/\/gregorydamy.niceavocats.fr\/en\/lindifference-des-predispositions-pathologiques-de-la-victime-dans-le-calcul-de-son-indemnisation\/#breadcrumb\",\"itemListElement\":[{\"@type\":\"ListItem\",\"position\":1,\"name\":\"Accueil\",\"item\":\"https:\/\/gregorydamy.niceavocats.fr\/en\/\"},{\"@type\":\"ListItem\",\"position\":2,\"name\":\"Disregarding the victim&#8217;s pathological predispositions when calculating compensation\"}]},{\"@type\":\"WebSite\",\"@id\":\"https:\/\/gregorydamy.niceavocats.fr\/en\/#website\",\"url\":\"https:\/\/gregorydamy.niceavocats.fr\/en\/\",\"name\":\"Soci\u00e9t\u00e9 d&#039;avocats Damy\",\"description\":\"Justice - Confiance - Efficacit\u00e9\",\"publisher\":{\"@id\":\"https:\/\/gregorydamy.niceavocats.fr\/en\/#organization\"},\"potentialAction\":[{\"@type\":\"SearchAction\",\"target\":{\"@type\":\"EntryPoint\",\"urlTemplate\":\"https:\/\/gregorydamy.niceavocats.fr\/en\/?s={search_term_string}\"},\"query-input\":{\"@type\":\"PropertyValueSpecification\",\"valueRequired\":true,\"valueName\":\"search_term_string\"}}],\"inLanguage\":\"en-US\"},{\"@type\":\"Organization\",\"@id\":\"https:\/\/gregorydamy.niceavocats.fr\/en\/#organization\",\"name\":\"Soci\u00e9t\u00e9 d'Avocats DAMY\",\"alternateName\":\"Gr\u00e9gory DAMY\",\"url\":\"https:\/\/gregorydamy.niceavocats.fr\/en\/\",\"logo\":{\"@type\":\"ImageObject\",\"inLanguage\":\"en-US\",\"@id\":\"https:\/\/gregorydamy.niceavocats.fr\/en\/#\/schema\/logo\/image\/\",\"url\":\"https:\/\/gregorydamy.niceavocats.fr\/wp-content\/uploads\/2023\/04\/damylogo-1.png\",\"contentUrl\":\"https:\/\/gregorydamy.niceavocats.fr\/wp-content\/uploads\/2023\/04\/damylogo-1.png\",\"width\":1890,\"height\":1417,\"caption\":\"Soci\u00e9t\u00e9 d'Avocats DAMY\"},\"image\":{\"@id\":\"https:\/\/gregorydamy.niceavocats.fr\/en\/#\/schema\/logo\/image\/\"},\"sameAs\":[\"https:\/\/www.facebook.com\/niceavocats.fr\/\"]},{\"@type\":\"Person\",\"@id\":\"https:\/\/gregorydamy.niceavocats.fr\/en\/#\/schema\/person\/64c9f9acb07431f6b55f72278b4a5d57\",\"name\":\"admin\",\"sameAs\":[\"https:\/\/gregorydamy.niceavocats.fr\"],\"url\":\"https:\/\/gregorydamy.niceavocats.fr\/en\/author\/admin_34\/\"}]}<\/script>\n<!-- \/ Yoast SEO plugin. -->","yoast_head_json":{"title":"Disregarding the victim's pathological predispositions when calculating compensation - Soci\u00e9t\u00e9 d&#039;avocats Damy","description":"the Court of Cassation affirming that the victim's pathological predispositions should not be taken into account.","robots":{"index":"index","follow":"follow","max-snippet":"max-snippet:-1","max-image-preview":"max-image-preview:large","max-video-preview":"max-video-preview:-1"},"canonical":"https:\/\/gregorydamy.niceavocats.fr\/en\/lindifference-des-predispositions-pathologiques-de-la-victime-dans-le-calcul-de-son-indemnisation\/","og_locale":"en_US","og_type":"article","og_title":"Disregarding the victim's pathological predispositions when calculating compensation - Soci\u00e9t\u00e9 d&#039;avocats Damy","og_description":"the Court of Cassation affirming that the victim's pathological predispositions should not be taken into account.","og_url":"https:\/\/gregorydamy.niceavocats.fr\/en\/lindifference-des-predispositions-pathologiques-de-la-victime-dans-le-calcul-de-son-indemnisation\/","og_site_name":"Soci\u00e9t\u00e9 d&#039;avocats Damy","article_publisher":"https:\/\/www.facebook.com\/niceavocats.fr\/","article_published_time":"2025-04-15T14:46:37+00:00","article_modified_time":"2025-04-15T15:04:40+00:00","og_image":[{"width":482,"height":482,"url":"https:\/\/gregorydamy.niceavocats.fr\/wp-content\/uploads\/2025\/04\/250414-article-prejudice-corporel.png","type":"image\/png"}],"author":"admin","twitter_card":"summary_large_image","twitter_misc":{"Written by":"admin","Est. reading time":"3 minutes"},"schema":{"@context":"https:\/\/schema.org","@graph":[{"@type":"Article","@id":"https:\/\/gregorydamy.niceavocats.fr\/en\/lindifference-des-predispositions-pathologiques-de-la-victime-dans-le-calcul-de-son-indemnisation\/#article","isPartOf":{"@id":"https:\/\/gregorydamy.niceavocats.fr\/en\/lindifference-des-predispositions-pathologiques-de-la-victime-dans-le-calcul-de-son-indemnisation\/"},"author":{"name":"admin","@id":"https:\/\/gregorydamy.niceavocats.fr\/en\/#\/schema\/person\/64c9f9acb07431f6b55f72278b4a5d57"},"headline":"Disregarding the victim&#8217;s pathological predispositions when calculating compensation","datePublished":"2025-04-15T14:46:37+00:00","dateModified":"2025-04-15T15:04:40+00:00","mainEntityOfPage":{"@id":"https:\/\/gregorydamy.niceavocats.fr\/en\/lindifference-des-predispositions-pathologiques-de-la-victime-dans-le-calcul-de-son-indemnisation\/"},"wordCount":452,"publisher":{"@id":"https:\/\/gregorydamy.niceavocats.fr\/en\/#organization"},"image":{"@id":"https:\/\/gregorydamy.niceavocats.fr\/en\/lindifference-des-predispositions-pathologiques-de-la-victime-dans-le-calcul-de-son-indemnisation\/#primaryimage"},"thumbnailUrl":"https:\/\/gregorydamy.niceavocats.fr\/wp-content\/uploads\/2025\/04\/250414-article-prejudice-corporel-300x300.png","articleSection":["Non classifi\u00e9(e)"],"inLanguage":"en-US"},{"@type":"WebPage","@id":"https:\/\/gregorydamy.niceavocats.fr\/en\/lindifference-des-predispositions-pathologiques-de-la-victime-dans-le-calcul-de-son-indemnisation\/","url":"https:\/\/gregorydamy.niceavocats.fr\/en\/lindifference-des-predispositions-pathologiques-de-la-victime-dans-le-calcul-de-son-indemnisation\/","name":"Disregarding the victim's pathological predispositions when calculating compensation - Soci\u00e9t\u00e9 d&#039;avocats Damy","isPartOf":{"@id":"https:\/\/gregorydamy.niceavocats.fr\/en\/#website"},"primaryImageOfPage":{"@id":"https:\/\/gregorydamy.niceavocats.fr\/en\/lindifference-des-predispositions-pathologiques-de-la-victime-dans-le-calcul-de-son-indemnisation\/#primaryimage"},"image":{"@id":"https:\/\/gregorydamy.niceavocats.fr\/en\/lindifference-des-predispositions-pathologiques-de-la-victime-dans-le-calcul-de-son-indemnisation\/#primaryimage"},"thumbnailUrl":"https:\/\/gregorydamy.niceavocats.fr\/wp-content\/uploads\/2025\/04\/250414-article-prejudice-corporel-300x300.png","datePublished":"2025-04-15T14:46:37+00:00","dateModified":"2025-04-15T15:04:40+00:00","description":"the Court of Cassation affirming that the victim's pathological predispositions should not be taken into account.","breadcrumb":{"@id":"https:\/\/gregorydamy.niceavocats.fr\/en\/lindifference-des-predispositions-pathologiques-de-la-victime-dans-le-calcul-de-son-indemnisation\/#breadcrumb"},"inLanguage":"en-US","potentialAction":[{"@type":"ReadAction","target":["https:\/\/gregorydamy.niceavocats.fr\/en\/lindifference-des-predispositions-pathologiques-de-la-victime-dans-le-calcul-de-son-indemnisation\/"]}]},{"@type":"ImageObject","inLanguage":"en-US","@id":"https:\/\/gregorydamy.niceavocats.fr\/en\/lindifference-des-predispositions-pathologiques-de-la-victime-dans-le-calcul-de-son-indemnisation\/#primaryimage","url":"https:\/\/gregorydamy.niceavocats.fr\/wp-content\/uploads\/2025\/04\/250414-article-prejudice-corporel-300x300.png","contentUrl":"https:\/\/gregorydamy.niceavocats.fr\/wp-content\/uploads\/2025\/04\/250414-article-prejudice-corporel-300x300.png"},{"@type":"BreadcrumbList","@id":"https:\/\/gregorydamy.niceavocats.fr\/en\/lindifference-des-predispositions-pathologiques-de-la-victime-dans-le-calcul-de-son-indemnisation\/#breadcrumb","itemListElement":[{"@type":"ListItem","position":1,"name":"Accueil","item":"https:\/\/gregorydamy.niceavocats.fr\/en\/"},{"@type":"ListItem","position":2,"name":"Disregarding the victim&#8217;s pathological predispositions when calculating compensation"}]},{"@type":"WebSite","@id":"https:\/\/gregorydamy.niceavocats.fr\/en\/#website","url":"https:\/\/gregorydamy.niceavocats.fr\/en\/","name":"Soci\u00e9t\u00e9 d&#039;avocats Damy","description":"Justice - Confiance - Efficacit\u00e9","publisher":{"@id":"https:\/\/gregorydamy.niceavocats.fr\/en\/#organization"},"potentialAction":[{"@type":"SearchAction","target":{"@type":"EntryPoint","urlTemplate":"https:\/\/gregorydamy.niceavocats.fr\/en\/?s={search_term_string}"},"query-input":{"@type":"PropertyValueSpecification","valueRequired":true,"valueName":"search_term_string"}}],"inLanguage":"en-US"},{"@type":"Organization","@id":"https:\/\/gregorydamy.niceavocats.fr\/en\/#organization","name":"Soci\u00e9t\u00e9 d'Avocats DAMY","alternateName":"Gr\u00e9gory DAMY","url":"https:\/\/gregorydamy.niceavocats.fr\/en\/","logo":{"@type":"ImageObject","inLanguage":"en-US","@id":"https:\/\/gregorydamy.niceavocats.fr\/en\/#\/schema\/logo\/image\/","url":"https:\/\/gregorydamy.niceavocats.fr\/wp-content\/uploads\/2023\/04\/damylogo-1.png","contentUrl":"https:\/\/gregorydamy.niceavocats.fr\/wp-content\/uploads\/2023\/04\/damylogo-1.png","width":1890,"height":1417,"caption":"Soci\u00e9t\u00e9 d'Avocats DAMY"},"image":{"@id":"https:\/\/gregorydamy.niceavocats.fr\/en\/#\/schema\/logo\/image\/"},"sameAs":["https:\/\/www.facebook.com\/niceavocats.fr\/"]},{"@type":"Person","@id":"https:\/\/gregorydamy.niceavocats.fr\/en\/#\/schema\/person\/64c9f9acb07431f6b55f72278b4a5d57","name":"admin","sameAs":["https:\/\/gregorydamy.niceavocats.fr"],"url":"https:\/\/gregorydamy.niceavocats.fr\/en\/author\/admin_34\/"}]}},"_links":{"self":[{"href":"https:\/\/gregorydamy.niceavocats.fr\/en\/wp-json\/wp\/v2\/posts\/987508970","targetHints":{"allow":["GET"]}}],"collection":[{"href":"https:\/\/gregorydamy.niceavocats.fr\/en\/wp-json\/wp\/v2\/posts"}],"about":[{"href":"https:\/\/gregorydamy.niceavocats.fr\/en\/wp-json\/wp\/v2\/types\/post"}],"author":[{"embeddable":true,"href":"https:\/\/gregorydamy.niceavocats.fr\/en\/wp-json\/wp\/v2\/users\/1"}],"replies":[{"embeddable":true,"href":"https:\/\/gregorydamy.niceavocats.fr\/en\/wp-json\/wp\/v2\/comments?post=987508970"}],"version-history":[{"count":0,"href":"https:\/\/gregorydamy.niceavocats.fr\/en\/wp-json\/wp\/v2\/posts\/987508970\/revisions"}],"wp:attachment":[{"href":"https:\/\/gregorydamy.niceavocats.fr\/en\/wp-json\/wp\/v2\/media?parent=987508970"}],"wp:term":[{"taxonomy":"category","embeddable":true,"href":"https:\/\/gregorydamy.niceavocats.fr\/en\/wp-json\/wp\/v2\/categories?post=987508970"},{"taxonomy":"post_tag","embeddable":true,"href":"https:\/\/gregorydamy.niceavocats.fr\/en\/wp-json\/wp\/v2\/tags?post=987508970"}],"curies":[{"name":"wp","href":"https:\/\/api.w.org\/{rel}","templated":true}]}}