{"id":987508899,"date":"2024-11-27T16:41:18","date_gmt":"2024-11-27T16:41:18","guid":{"rendered":"https:\/\/gregorydamy.niceavocats.fr\/?p=987508899"},"modified":"2024-11-27T16:44:24","modified_gmt":"2024-11-27T16:44:24","slug":"employment-the-issue-of-redeployment-in-economic-dismissals","status":"publish","type":"post","link":"https:\/\/gregorydamy.niceavocats.fr\/en\/employment-the-issue-of-redeployment-in-economic-dismissals\/","title":{"rendered":"Employment The Issue of Redeployment in Economic Dismissals"},"content":{"rendered":"<p>[et_pb_section fb_built=&#8221;1&#8243; admin_label=&#8221;section&#8221; _builder_version=&#8221;4.16&#8243; global_colors_info=&#8221;{}&#8221;][et_pb_row admin_label=&#8221;row&#8221; _builder_version=&#8221;4.16&#8243; background_size=&#8221;initial&#8221; background_position=&#8221;top_left&#8221; background_repeat=&#8221;repeat&#8221; global_colors_info=&#8221;{}&#8221;][et_pb_column type=&#8221;4_4&#8243; _builder_version=&#8221;4.16&#8243; custom_padding=&#8221;|||&#8221; global_colors_info=&#8221;{}&#8221; custom_padding__hover=&#8221;|||&#8221;][et_pb_image src=&#8221;https:\/\/gregorydamy.niceavocats.fr\/wp-content\/uploads\/2012\/06\/man-593333_1280-2.jpg&#8221; alt=&#8221;p\u00e9riode d&#8217;essai &#8221; title_text=&#8221;man-593333_1280-2&#8243; _builder_version=&#8221;4.24.2&#8243; _module_preset=&#8221;default&#8221; hover_enabled=&#8221;0&#8243; global_colors_info=&#8221;{}&#8221; sticky_enabled=&#8221;0&#8243;][\/et_pb_image][et_pb_text _builder_version=&#8221;4.24.2&#8243; _module_preset=&#8221;default&#8221; hover_enabled=&#8221;0&#8243; global_colors_info=&#8221;{}&#8221; sticky_enabled=&#8221;0&#8243;]<\/p>\n<p style=\"text-align: justify;\"><b><span style=\"color: black;\">Lawyer in Nice \u2013 Employment<o:p><\/o:p><\/span><\/b><\/p>\n<h1 style=\"text-align: justify;\"><span style=\"color: black;\"><br \/><b>The Issue of Redeployment in Economic Dismissals<o:p><\/o:p><\/b><\/span><\/h1>\n<p style=\"text-align: justify;\"><span style=\"color: black;\">In a judgment dated October 23, 2024 (n\u00b023-19.629), the Social Chamber of the Court of Cassation ruled on an issue related to the redeployment procedure within the framework of an economic dismissal.<\/span><\/p>\n<p style=\"text-align: justify;\"><span style=\"color: black;\"><br \/>In this case, an employee was dismissed for economic reasons. As part of this procedure, the employer sent the employee a redeployment offer.<\/span><\/p>\n<p style=\"text-align: justify;\"><span style=\"color: black;\"><br \/>A few days later, the employee rejected this offer, and their dismissal was finalized.<\/span><\/p>\n<p style=\"text-align: justify;\"><span style=\"color: black;\"><br \/>However, considering that the dismissal lacked a genuine and serious cause due to the insufficient seriousness of the redeployment procedure, the employee filed a claim with the Labour Court.<\/span><\/p>\n<p style=\"text-align: justify;\"><span style=\"color: black;\"><br \/>The employee specifically reproached the employer for not providing enough details in the redeployment offer, as it neither mentioned the name of the company nor the classification of the proposed position.<\/span><\/p>\n<p style=\"text-align: justify;\"><span style=\"color: black;\"><br \/>The offer only stated that the employee would retain their seniority and receive a salary equivalent to their current one.<\/span><\/p>\n<p style=\"text-align: justify;\"><span style=\"color: black;\"><br \/>According to the employee, this lack of detail prevented them from being fully informed about the conditions of the offer.<\/span><\/p>\n<p style=\"text-align: justify;\"><span style=\"color: black;\"><br \/>The Court of Appeal upheld the employee\u2019s argument, and the Court of Cassation confirmed this decision.<\/span><\/p>\n<p style=\"text-align: justify;\"><span style=\"color: black;\"><br \/>Indeed, Article D.1233-2-1 of the Labour Code requires the employer to include a precise list of mandatory details when making a redeployment offer.<\/span><\/p>\n<p style=\"text-align: justify;\"><span style=\"color: black;\"><br \/>If one or more of these details are missing, the offer is considered insufficiently serious, leading to the dismissal being deemed without a genuine and serious cause, even if the employee rejected the offer without requesting additional details.<\/span><\/p>\n<p style=\"text-align: justify;\"><span style=\"color: black;\"><br \/>This case law strengthens employers&#8217; obligations, requiring them to scrupulously comply with the requirements set forth in Article D.1233-2-1 of the Labour Code when making a redeployment offer.<\/span><\/p>\n<p style=\"text-align: justify;\"><span style=\"color: black;\"><br \/>Ma\u00eetre DAMY, an expert in labor law, offers their expertise to defend your rights against your employer. We invite you to contact us for assistance.<o:p><\/o:p><\/span><\/p>\n<p>[\/et_pb_text][\/et_pb_column][\/et_pb_row][\/et_pb_section]<\/p>\n","protected":false},"excerpt":{"rendered":"<p>Lawyer in Nice \u2013 Employment The Issue of Redeployment in Economic Dismissals In a judgment dated October 23, 2024 (n\u00b023-19.629), the Social Chamber of the Court of Cassation ruled on an issue related to the redeployment procedure within the framework of an economic dismissal. In this case, an employee was dismissed for economic reasons. As [&hellip;]<\/p>\n","protected":false},"author":1,"featured_media":0,"comment_status":"closed","ping_status":"open","sticky":false,"template":"","format":"standard","meta":{"_et_pb_use_builder":"on","_et_pb_old_content":"","_et_gb_content_width":"","footnotes":""},"categories":[1],"tags":[],"class_list":["post-987508899","post","type-post","status-publish","format-standard","hentry","category-non-classifiee"],"yoast_head":"<!-- This site is optimized with the Yoast SEO plugin v26.8 - https:\/\/yoast.com\/product\/yoast-seo-wordpress\/ -->\n<title>Employment The Issue of Redeployment in Economic Dismissals - Soci\u00e9t\u00e9 d&#039;avocats Damy<\/title>\n<meta name=\"description\" content=\"In a judgment dated October 23, 2024 (n\u00b023-19.629), the Social Chamber of the Court of Cassation ruled on an issue related to the redeployment procedure within the framework of an economic dismissal.In this case, an employee was dismissed for economic reasons. As part of this procedure, the\" \/>\n<meta name=\"robots\" content=\"index, follow, max-snippet:-1, max-image-preview:large, max-video-preview:-1\" \/>\n<link rel=\"canonical\" href=\"https:\/\/gregorydamy.niceavocats.fr\/en\/employment-the-issue-of-redeployment-in-economic-dismissals\/\" \/>\n<meta property=\"og:locale\" content=\"en_US\" \/>\n<meta property=\"og:type\" content=\"article\" \/>\n<meta property=\"og:title\" content=\"Employment The Issue of Redeployment in Economic Dismissals - Soci\u00e9t\u00e9 d&#039;avocats Damy\" \/>\n<meta property=\"og:description\" content=\"In a judgment dated October 23, 2024 (n\u00b023-19.629), the Social Chamber of the Court of Cassation ruled on an issue related to the redeployment procedure within the framework of an economic dismissal.In this case, an employee was dismissed for economic reasons. As part of this procedure, the\" \/>\n<meta property=\"og:url\" content=\"https:\/\/gregorydamy.niceavocats.fr\/en\/employment-the-issue-of-redeployment-in-economic-dismissals\/\" \/>\n<meta property=\"og:site_name\" content=\"Soci\u00e9t\u00e9 d&#039;avocats Damy\" \/>\n<meta property=\"article:publisher\" content=\"https:\/\/www.facebook.com\/niceavocats.fr\/\" \/>\n<meta property=\"article:published_time\" content=\"2024-11-27T16:41:18+00:00\" \/>\n<meta property=\"article:modified_time\" content=\"2024-11-27T16:44:24+00:00\" \/>\n<meta name=\"author\" content=\"admin\" \/>\n<meta name=\"twitter:card\" content=\"summary_large_image\" \/>\n<meta name=\"twitter:label1\" content=\"Written by\" \/>\n\t<meta name=\"twitter:data1\" content=\"admin\" \/>\n\t<meta name=\"twitter:label2\" content=\"Est. reading time\" \/>\n\t<meta name=\"twitter:data2\" content=\"2 minutes\" \/>\n<script type=\"application\/ld+json\" class=\"yoast-schema-graph\">{\"@context\":\"https:\/\/schema.org\",\"@graph\":[{\"@type\":\"Article\",\"@id\":\"https:\/\/gregorydamy.niceavocats.fr\/en\/employment-the-issue-of-redeployment-in-economic-dismissals\/#article\",\"isPartOf\":{\"@id\":\"https:\/\/gregorydamy.niceavocats.fr\/en\/employment-the-issue-of-redeployment-in-economic-dismissals\/\"},\"author\":{\"name\":\"admin\",\"@id\":\"https:\/\/gregorydamy.niceavocats.fr\/en\/#\/schema\/person\/64c9f9acb07431f6b55f72278b4a5d57\"},\"headline\":\"Employment The Issue of Redeployment in Economic Dismissals\",\"datePublished\":\"2024-11-27T16:41:18+00:00\",\"dateModified\":\"2024-11-27T16:44:24+00:00\",\"mainEntityOfPage\":{\"@id\":\"https:\/\/gregorydamy.niceavocats.fr\/en\/employment-the-issue-of-redeployment-in-economic-dismissals\/\"},\"wordCount\":435,\"publisher\":{\"@id\":\"https:\/\/gregorydamy.niceavocats.fr\/en\/#organization\"},\"articleSection\":[\"Non classifi\u00e9(e)\"],\"inLanguage\":\"en-US\"},{\"@type\":\"WebPage\",\"@id\":\"https:\/\/gregorydamy.niceavocats.fr\/en\/employment-the-issue-of-redeployment-in-economic-dismissals\/\",\"url\":\"https:\/\/gregorydamy.niceavocats.fr\/en\/employment-the-issue-of-redeployment-in-economic-dismissals\/\",\"name\":\"Employment The Issue of Redeployment in Economic Dismissals - Soci\u00e9t\u00e9 d&#039;avocats Damy\",\"isPartOf\":{\"@id\":\"https:\/\/gregorydamy.niceavocats.fr\/en\/#website\"},\"datePublished\":\"2024-11-27T16:41:18+00:00\",\"dateModified\":\"2024-11-27T16:44:24+00:00\",\"description\":\"In a judgment dated October 23, 2024 (n\u00b023-19.629), the Social Chamber of the Court of Cassation ruled on an issue related to the redeployment procedure within the framework of an economic dismissal.In this case, an employee was dismissed for economic reasons. As part of this procedure, the\",\"breadcrumb\":{\"@id\":\"https:\/\/gregorydamy.niceavocats.fr\/en\/employment-the-issue-of-redeployment-in-economic-dismissals\/#breadcrumb\"},\"inLanguage\":\"en-US\",\"potentialAction\":[{\"@type\":\"ReadAction\",\"target\":[\"https:\/\/gregorydamy.niceavocats.fr\/en\/employment-the-issue-of-redeployment-in-economic-dismissals\/\"]}]},{\"@type\":\"BreadcrumbList\",\"@id\":\"https:\/\/gregorydamy.niceavocats.fr\/en\/employment-the-issue-of-redeployment-in-economic-dismissals\/#breadcrumb\",\"itemListElement\":[{\"@type\":\"ListItem\",\"position\":1,\"name\":\"Accueil\",\"item\":\"https:\/\/gregorydamy.niceavocats.fr\/en\/\"},{\"@type\":\"ListItem\",\"position\":2,\"name\":\"Employment The Issue of Redeployment in Economic Dismissals\"}]},{\"@type\":\"WebSite\",\"@id\":\"https:\/\/gregorydamy.niceavocats.fr\/en\/#website\",\"url\":\"https:\/\/gregorydamy.niceavocats.fr\/en\/\",\"name\":\"Soci\u00e9t\u00e9 d&#039;avocats Damy\",\"description\":\"Justice - Confiance - Efficacit\u00e9\",\"publisher\":{\"@id\":\"https:\/\/gregorydamy.niceavocats.fr\/en\/#organization\"},\"potentialAction\":[{\"@type\":\"SearchAction\",\"target\":{\"@type\":\"EntryPoint\",\"urlTemplate\":\"https:\/\/gregorydamy.niceavocats.fr\/en\/?s={search_term_string}\"},\"query-input\":{\"@type\":\"PropertyValueSpecification\",\"valueRequired\":true,\"valueName\":\"search_term_string\"}}],\"inLanguage\":\"en-US\"},{\"@type\":\"Organization\",\"@id\":\"https:\/\/gregorydamy.niceavocats.fr\/en\/#organization\",\"name\":\"Soci\u00e9t\u00e9 d'Avocats DAMY\",\"alternateName\":\"Gr\u00e9gory DAMY\",\"url\":\"https:\/\/gregorydamy.niceavocats.fr\/en\/\",\"logo\":{\"@type\":\"ImageObject\",\"inLanguage\":\"en-US\",\"@id\":\"https:\/\/gregorydamy.niceavocats.fr\/en\/#\/schema\/logo\/image\/\",\"url\":\"https:\/\/gregorydamy.niceavocats.fr\/wp-content\/uploads\/2023\/04\/damylogo-1.png\",\"contentUrl\":\"https:\/\/gregorydamy.niceavocats.fr\/wp-content\/uploads\/2023\/04\/damylogo-1.png\",\"width\":1890,\"height\":1417,\"caption\":\"Soci\u00e9t\u00e9 d'Avocats DAMY\"},\"image\":{\"@id\":\"https:\/\/gregorydamy.niceavocats.fr\/en\/#\/schema\/logo\/image\/\"},\"sameAs\":[\"https:\/\/www.facebook.com\/niceavocats.fr\/\"]},{\"@type\":\"Person\",\"@id\":\"https:\/\/gregorydamy.niceavocats.fr\/en\/#\/schema\/person\/64c9f9acb07431f6b55f72278b4a5d57\",\"name\":\"admin\",\"sameAs\":[\"https:\/\/gregorydamy.niceavocats.fr\"],\"url\":\"https:\/\/gregorydamy.niceavocats.fr\/en\/author\/admin_34\/\"}]}<\/script>\n<!-- \/ Yoast SEO plugin. -->","yoast_head_json":{"title":"Employment The Issue of Redeployment in Economic Dismissals - Soci\u00e9t\u00e9 d&#039;avocats Damy","description":"In a judgment dated October 23, 2024 (n\u00b023-19.629), the Social Chamber of the Court of Cassation ruled on an issue related to the redeployment procedure within the framework of an economic dismissal.In this case, an employee was dismissed for economic reasons. As part of this procedure, the","robots":{"index":"index","follow":"follow","max-snippet":"max-snippet:-1","max-image-preview":"max-image-preview:large","max-video-preview":"max-video-preview:-1"},"canonical":"https:\/\/gregorydamy.niceavocats.fr\/en\/employment-the-issue-of-redeployment-in-economic-dismissals\/","og_locale":"en_US","og_type":"article","og_title":"Employment The Issue of Redeployment in Economic Dismissals - Soci\u00e9t\u00e9 d&#039;avocats Damy","og_description":"In a judgment dated October 23, 2024 (n\u00b023-19.629), the Social Chamber of the Court of Cassation ruled on an issue related to the redeployment procedure within the framework of an economic dismissal.In this case, an employee was dismissed for economic reasons. As part of this procedure, the","og_url":"https:\/\/gregorydamy.niceavocats.fr\/en\/employment-the-issue-of-redeployment-in-economic-dismissals\/","og_site_name":"Soci\u00e9t\u00e9 d&#039;avocats Damy","article_publisher":"https:\/\/www.facebook.com\/niceavocats.fr\/","article_published_time":"2024-11-27T16:41:18+00:00","article_modified_time":"2024-11-27T16:44:24+00:00","author":"admin","twitter_card":"summary_large_image","twitter_misc":{"Written by":"admin","Est. reading time":"2 minutes"},"schema":{"@context":"https:\/\/schema.org","@graph":[{"@type":"Article","@id":"https:\/\/gregorydamy.niceavocats.fr\/en\/employment-the-issue-of-redeployment-in-economic-dismissals\/#article","isPartOf":{"@id":"https:\/\/gregorydamy.niceavocats.fr\/en\/employment-the-issue-of-redeployment-in-economic-dismissals\/"},"author":{"name":"admin","@id":"https:\/\/gregorydamy.niceavocats.fr\/en\/#\/schema\/person\/64c9f9acb07431f6b55f72278b4a5d57"},"headline":"Employment The Issue of Redeployment in Economic Dismissals","datePublished":"2024-11-27T16:41:18+00:00","dateModified":"2024-11-27T16:44:24+00:00","mainEntityOfPage":{"@id":"https:\/\/gregorydamy.niceavocats.fr\/en\/employment-the-issue-of-redeployment-in-economic-dismissals\/"},"wordCount":435,"publisher":{"@id":"https:\/\/gregorydamy.niceavocats.fr\/en\/#organization"},"articleSection":["Non classifi\u00e9(e)"],"inLanguage":"en-US"},{"@type":"WebPage","@id":"https:\/\/gregorydamy.niceavocats.fr\/en\/employment-the-issue-of-redeployment-in-economic-dismissals\/","url":"https:\/\/gregorydamy.niceavocats.fr\/en\/employment-the-issue-of-redeployment-in-economic-dismissals\/","name":"Employment The Issue of Redeployment in Economic Dismissals - Soci\u00e9t\u00e9 d&#039;avocats Damy","isPartOf":{"@id":"https:\/\/gregorydamy.niceavocats.fr\/en\/#website"},"datePublished":"2024-11-27T16:41:18+00:00","dateModified":"2024-11-27T16:44:24+00:00","description":"In a judgment dated October 23, 2024 (n\u00b023-19.629), the Social Chamber of the Court of Cassation ruled on an issue related to the redeployment procedure within the framework of an economic dismissal.In this case, an employee was dismissed for economic reasons. As part of this procedure, the","breadcrumb":{"@id":"https:\/\/gregorydamy.niceavocats.fr\/en\/employment-the-issue-of-redeployment-in-economic-dismissals\/#breadcrumb"},"inLanguage":"en-US","potentialAction":[{"@type":"ReadAction","target":["https:\/\/gregorydamy.niceavocats.fr\/en\/employment-the-issue-of-redeployment-in-economic-dismissals\/"]}]},{"@type":"BreadcrumbList","@id":"https:\/\/gregorydamy.niceavocats.fr\/en\/employment-the-issue-of-redeployment-in-economic-dismissals\/#breadcrumb","itemListElement":[{"@type":"ListItem","position":1,"name":"Accueil","item":"https:\/\/gregorydamy.niceavocats.fr\/en\/"},{"@type":"ListItem","position":2,"name":"Employment The Issue of Redeployment in Economic Dismissals"}]},{"@type":"WebSite","@id":"https:\/\/gregorydamy.niceavocats.fr\/en\/#website","url":"https:\/\/gregorydamy.niceavocats.fr\/en\/","name":"Soci\u00e9t\u00e9 d&#039;avocats Damy","description":"Justice - Confiance - Efficacit\u00e9","publisher":{"@id":"https:\/\/gregorydamy.niceavocats.fr\/en\/#organization"},"potentialAction":[{"@type":"SearchAction","target":{"@type":"EntryPoint","urlTemplate":"https:\/\/gregorydamy.niceavocats.fr\/en\/?s={search_term_string}"},"query-input":{"@type":"PropertyValueSpecification","valueRequired":true,"valueName":"search_term_string"}}],"inLanguage":"en-US"},{"@type":"Organization","@id":"https:\/\/gregorydamy.niceavocats.fr\/en\/#organization","name":"Soci\u00e9t\u00e9 d'Avocats DAMY","alternateName":"Gr\u00e9gory DAMY","url":"https:\/\/gregorydamy.niceavocats.fr\/en\/","logo":{"@type":"ImageObject","inLanguage":"en-US","@id":"https:\/\/gregorydamy.niceavocats.fr\/en\/#\/schema\/logo\/image\/","url":"https:\/\/gregorydamy.niceavocats.fr\/wp-content\/uploads\/2023\/04\/damylogo-1.png","contentUrl":"https:\/\/gregorydamy.niceavocats.fr\/wp-content\/uploads\/2023\/04\/damylogo-1.png","width":1890,"height":1417,"caption":"Soci\u00e9t\u00e9 d'Avocats DAMY"},"image":{"@id":"https:\/\/gregorydamy.niceavocats.fr\/en\/#\/schema\/logo\/image\/"},"sameAs":["https:\/\/www.facebook.com\/niceavocats.fr\/"]},{"@type":"Person","@id":"https:\/\/gregorydamy.niceavocats.fr\/en\/#\/schema\/person\/64c9f9acb07431f6b55f72278b4a5d57","name":"admin","sameAs":["https:\/\/gregorydamy.niceavocats.fr"],"url":"https:\/\/gregorydamy.niceavocats.fr\/en\/author\/admin_34\/"}]}},"_links":{"self":[{"href":"https:\/\/gregorydamy.niceavocats.fr\/en\/wp-json\/wp\/v2\/posts\/987508899","targetHints":{"allow":["GET"]}}],"collection":[{"href":"https:\/\/gregorydamy.niceavocats.fr\/en\/wp-json\/wp\/v2\/posts"}],"about":[{"href":"https:\/\/gregorydamy.niceavocats.fr\/en\/wp-json\/wp\/v2\/types\/post"}],"author":[{"embeddable":true,"href":"https:\/\/gregorydamy.niceavocats.fr\/en\/wp-json\/wp\/v2\/users\/1"}],"replies":[{"embeddable":true,"href":"https:\/\/gregorydamy.niceavocats.fr\/en\/wp-json\/wp\/v2\/comments?post=987508899"}],"version-history":[{"count":0,"href":"https:\/\/gregorydamy.niceavocats.fr\/en\/wp-json\/wp\/v2\/posts\/987508899\/revisions"}],"wp:attachment":[{"href":"https:\/\/gregorydamy.niceavocats.fr\/en\/wp-json\/wp\/v2\/media?parent=987508899"}],"wp:term":[{"taxonomy":"category","embeddable":true,"href":"https:\/\/gregorydamy.niceavocats.fr\/en\/wp-json\/wp\/v2\/categories?post=987508899"},{"taxonomy":"post_tag","embeddable":true,"href":"https:\/\/gregorydamy.niceavocats.fr\/en\/wp-json\/wp\/v2\/tags?post=987508899"}],"curies":[{"name":"wp","href":"https:\/\/api.w.org\/{rel}","templated":true}]}}