{"id":987508782,"date":"2024-09-27T14:24:51","date_gmt":"2024-09-27T14:24:51","guid":{"rendered":"https:\/\/gregorydamy.niceavocats.fr\/?p=987508782"},"modified":"2024-09-27T14:26:53","modified_gmt":"2024-09-27T14:26:53","slug":"is-an-employee-entitled-to-challenge-the-occupational-physicians-opinion-that-the-employee-is-unfit-for-work-which-exempts-the-employer-from-any-obligation-to-redeploy-the-employee","status":"publish","type":"post","link":"https:\/\/gregorydamy.niceavocats.fr\/en\/is-an-employee-entitled-to-challenge-the-occupational-physicians-opinion-that-the-employee-is-unfit-for-work-which-exempts-the-employer-from-any-obligation-to-redeploy-the-employee\/","title":{"rendered":"Is an employee entitled to challenge the occupational physician&#8217;s opinion that the employee is unfit for work, which exempts the employer from any obligation to redeploy the employee?"},"content":{"rendered":"<p>[et_pb_section fb_built=&#8221;1&#8243; admin_label=&#8221;section&#8221; _builder_version=&#8221;4.16&#8243; global_colors_info=&#8221;{}&#8221;][et_pb_row admin_label=&#8221;row&#8221; _builder_version=&#8221;4.16&#8243; background_size=&#8221;initial&#8221; background_position=&#8221;top_left&#8221; background_repeat=&#8221;repeat&#8221; global_colors_info=&#8221;{}&#8221;][et_pb_column type=&#8221;4_4&#8243; _builder_version=&#8221;4.16&#8243; custom_padding=&#8221;|||&#8221; global_colors_info=&#8221;{}&#8221; custom_padding__hover=&#8221;|||&#8221;][et_pb_image src=&#8221;https:\/\/gregorydamy.niceavocats.fr\/wp-content\/uploads\/2023\/08\/doctor-563428_1280-2.jpg&#8221; alt=&#8221;Le r\u00e9gime fiscal des non-r\u00e9sidents tirant l\u2019essentiel de leurs revenus en France &#8221; title_text=&#8221;doctor-563428_1280-2&#8243; _builder_version=&#8221;4.24.2&#8243; _module_preset=&#8221;default&#8221; global_colors_info=&#8221;{}&#8221;][\/et_pb_image][et_pb_text _builder_version=&#8221;4.24.2&#8243; _module_preset=&#8221;default&#8221; hover_enabled=&#8221;0&#8243; global_colors_info=&#8221;{}&#8221; sticky_enabled=&#8221;0&#8243;]<\/p>\n<p style=\"text-align: justify;\">Cass. Soc. 3 July 2024, no. 23-14.227<\/p>\n<h1 style=\"text-align: justify;\">Is an employee entitled to challenge the occupational physician&#8217;s opinion that the employee is unfit for work, which exempts the employer from any obligation to redeploy the employee?<\/h1>\n<p style=\"text-align: justify;\">This is the question that the Social Division of the Court of Cassation had to answer in a ruling handed down on 03 July 2024 (no. 23-14.227).<\/p>\n<p style=\"text-align: justify;\">In this case, following a return to work visit, Ms W was declared unfit for any position within the company, which relieved the employer of its obligation to redeploy her.<\/p>\n<p style=\"text-align: justify;\">Ms W then brought an action before the industrial tribunal to challenge the occupational physician&#8217;s opinion that she was unfit for work.<\/p>\n<p style=\"text-align: justify;\">In its defence, the employer argued that Mrs W should be declared inadmissible for lack of standing. However, the Court of Appeal rejected this argument.<\/p>\n<p style=\"text-align: justify;\">The Court of Cassation upheld this decision, ruling that the action was admissible and recognising the employee&#8217;s right to challenge the occupational physician&#8217;s opinion that he was unfit for work, thereby depriving him of his right to redeployment.<\/p>\n<p style=\"text-align: justify;\">Ma\u00eetre DAMY, a lawyer in Nice and a member of the association of lawyers practising in employment law, is at your side to advise and assist you in resolving your disputes with your employer.<\/p>\n<p style=\"text-align: justify;\">[\/et_pb_text][\/et_pb_column][\/et_pb_row][\/et_pb_section]<\/p>\n","protected":false},"excerpt":{"rendered":"<p>Cass. Soc. 3 July 2024, no. 23-14.227 Is an employee entitled to challenge the occupational physician&#8217;s opinion that the employee is unfit for work, which exempts the employer from any obligation to redeploy the employee? This is the question that the Social Division of the Court of Cassation had to answer in a ruling handed [&hellip;]<\/p>\n","protected":false},"author":1,"featured_media":0,"comment_status":"closed","ping_status":"open","sticky":false,"template":"","format":"standard","meta":{"_et_pb_use_builder":"on","_et_pb_old_content":"","_et_gb_content_width":"","footnotes":""},"categories":[],"tags":[],"class_list":["post-987508782","post","type-post","status-publish","format-standard","hentry"],"yoast_head":"<!-- This site is optimized with the Yoast SEO plugin v26.8 - https:\/\/yoast.com\/product\/yoast-seo-wordpress\/ -->\n<title>Is an employee entitled to challenge the occupational physician&#039;s opinion that the employee is unfit for work, which exempts the employer from any obligation to redeploy the employee? - Soci\u00e9t\u00e9 d&#039;avocats Damy<\/title>\n<meta name=\"description\" content=\"Is an employee entitled to challenge the occupational physician&#039;s opinion that the employee is unfit for work, which exempts the employer from any obligation to redeploy the employee?\" \/>\n<meta name=\"robots\" content=\"index, follow, max-snippet:-1, max-image-preview:large, max-video-preview:-1\" \/>\n<link rel=\"canonical\" href=\"https:\/\/gregorydamy.niceavocats.fr\/en\/is-an-employee-entitled-to-challenge-the-occupational-physicians-opinion-that-the-employee-is-unfit-for-work-which-exempts-the-employer-from-any-obligation-to-redeploy-the-employee\/\" \/>\n<meta property=\"og:locale\" content=\"en_US\" \/>\n<meta property=\"og:type\" content=\"article\" \/>\n<meta property=\"og:title\" content=\"Is an employee entitled to challenge the occupational physician&#039;s opinion that the employee is unfit for work, which exempts the employer from any obligation to redeploy the employee? - Soci\u00e9t\u00e9 d&#039;avocats Damy\" \/>\n<meta property=\"og:description\" content=\"Is an employee entitled to challenge the occupational physician&#039;s opinion that the employee is unfit for work, which exempts the employer from any obligation to redeploy the employee?\" \/>\n<meta property=\"og:url\" content=\"https:\/\/gregorydamy.niceavocats.fr\/en\/is-an-employee-entitled-to-challenge-the-occupational-physicians-opinion-that-the-employee-is-unfit-for-work-which-exempts-the-employer-from-any-obligation-to-redeploy-the-employee\/\" \/>\n<meta property=\"og:site_name\" content=\"Soci\u00e9t\u00e9 d&#039;avocats Damy\" \/>\n<meta property=\"article:publisher\" content=\"https:\/\/www.facebook.com\/niceavocats.fr\/\" \/>\n<meta property=\"article:published_time\" content=\"2024-09-27T14:24:51+00:00\" \/>\n<meta property=\"article:modified_time\" content=\"2024-09-27T14:26:53+00:00\" \/>\n<meta name=\"author\" content=\"admin\" \/>\n<meta name=\"twitter:card\" content=\"summary_large_image\" \/>\n<meta name=\"twitter:label1\" content=\"Written by\" \/>\n\t<meta name=\"twitter:data1\" content=\"admin\" \/>\n\t<meta name=\"twitter:label2\" content=\"Est. reading time\" \/>\n\t<meta name=\"twitter:data2\" content=\"2 minutes\" \/>\n<script type=\"application\/ld+json\" class=\"yoast-schema-graph\">{\"@context\":\"https:\/\/schema.org\",\"@graph\":[{\"@type\":\"Article\",\"@id\":\"https:\/\/gregorydamy.niceavocats.fr\/en\/is-an-employee-entitled-to-challenge-the-occupational-physicians-opinion-that-the-employee-is-unfit-for-work-which-exempts-the-employer-from-any-obligation-to-redeploy-the-employee\/#article\",\"isPartOf\":{\"@id\":\"https:\/\/gregorydamy.niceavocats.fr\/en\/is-an-employee-entitled-to-challenge-the-occupational-physicians-opinion-that-the-employee-is-unfit-for-work-which-exempts-the-employer-from-any-obligation-to-redeploy-the-employee\/\"},\"author\":{\"name\":\"admin\",\"@id\":\"https:\/\/gregorydamy.niceavocats.fr\/en\/#\/schema\/person\/64c9f9acb07431f6b55f72278b4a5d57\"},\"headline\":\"Is an employee entitled to challenge the occupational physician&#8217;s opinion that the employee is unfit for work, which exempts the employer from any obligation to redeploy the employee?\",\"datePublished\":\"2024-09-27T14:24:51+00:00\",\"dateModified\":\"2024-09-27T14:26:53+00:00\",\"mainEntityOfPage\":{\"@id\":\"https:\/\/gregorydamy.niceavocats.fr\/en\/is-an-employee-entitled-to-challenge-the-occupational-physicians-opinion-that-the-employee-is-unfit-for-work-which-exempts-the-employer-from-any-obligation-to-redeploy-the-employee\/\"},\"wordCount\":360,\"publisher\":{\"@id\":\"https:\/\/gregorydamy.niceavocats.fr\/en\/#organization\"},\"inLanguage\":\"en-US\"},{\"@type\":\"WebPage\",\"@id\":\"https:\/\/gregorydamy.niceavocats.fr\/en\/is-an-employee-entitled-to-challenge-the-occupational-physicians-opinion-that-the-employee-is-unfit-for-work-which-exempts-the-employer-from-any-obligation-to-redeploy-the-employee\/\",\"url\":\"https:\/\/gregorydamy.niceavocats.fr\/en\/is-an-employee-entitled-to-challenge-the-occupational-physicians-opinion-that-the-employee-is-unfit-for-work-which-exempts-the-employer-from-any-obligation-to-redeploy-the-employee\/\",\"name\":\"Is an employee entitled to challenge the occupational physician's opinion that the employee is unfit for work, which exempts the employer from any obligation to redeploy the employee? - Soci\u00e9t\u00e9 d&#039;avocats Damy\",\"isPartOf\":{\"@id\":\"https:\/\/gregorydamy.niceavocats.fr\/en\/#website\"},\"datePublished\":\"2024-09-27T14:24:51+00:00\",\"dateModified\":\"2024-09-27T14:26:53+00:00\",\"description\":\"Is an employee entitled to challenge the occupational physician's opinion that the employee is unfit for work, which exempts the employer from any obligation to redeploy the employee?\",\"breadcrumb\":{\"@id\":\"https:\/\/gregorydamy.niceavocats.fr\/en\/is-an-employee-entitled-to-challenge-the-occupational-physicians-opinion-that-the-employee-is-unfit-for-work-which-exempts-the-employer-from-any-obligation-to-redeploy-the-employee\/#breadcrumb\"},\"inLanguage\":\"en-US\",\"potentialAction\":[{\"@type\":\"ReadAction\",\"target\":[\"https:\/\/gregorydamy.niceavocats.fr\/en\/is-an-employee-entitled-to-challenge-the-occupational-physicians-opinion-that-the-employee-is-unfit-for-work-which-exempts-the-employer-from-any-obligation-to-redeploy-the-employee\/\"]}]},{\"@type\":\"BreadcrumbList\",\"@id\":\"https:\/\/gregorydamy.niceavocats.fr\/en\/is-an-employee-entitled-to-challenge-the-occupational-physicians-opinion-that-the-employee-is-unfit-for-work-which-exempts-the-employer-from-any-obligation-to-redeploy-the-employee\/#breadcrumb\",\"itemListElement\":[{\"@type\":\"ListItem\",\"position\":1,\"name\":\"Accueil\",\"item\":\"https:\/\/gregorydamy.niceavocats.fr\/en\/\"},{\"@type\":\"ListItem\",\"position\":2,\"name\":\"Is an employee entitled to challenge the occupational physician&#8217;s opinion that the employee is unfit for work, which exempts the employer from any obligation to redeploy the employee?\"}]},{\"@type\":\"WebSite\",\"@id\":\"https:\/\/gregorydamy.niceavocats.fr\/en\/#website\",\"url\":\"https:\/\/gregorydamy.niceavocats.fr\/en\/\",\"name\":\"Soci\u00e9t\u00e9 d&#039;avocats Damy\",\"description\":\"Justice - Confiance - Efficacit\u00e9\",\"publisher\":{\"@id\":\"https:\/\/gregorydamy.niceavocats.fr\/en\/#organization\"},\"potentialAction\":[{\"@type\":\"SearchAction\",\"target\":{\"@type\":\"EntryPoint\",\"urlTemplate\":\"https:\/\/gregorydamy.niceavocats.fr\/en\/?s={search_term_string}\"},\"query-input\":{\"@type\":\"PropertyValueSpecification\",\"valueRequired\":true,\"valueName\":\"search_term_string\"}}],\"inLanguage\":\"en-US\"},{\"@type\":\"Organization\",\"@id\":\"https:\/\/gregorydamy.niceavocats.fr\/en\/#organization\",\"name\":\"Soci\u00e9t\u00e9 d'Avocats DAMY\",\"alternateName\":\"Gr\u00e9gory DAMY\",\"url\":\"https:\/\/gregorydamy.niceavocats.fr\/en\/\",\"logo\":{\"@type\":\"ImageObject\",\"inLanguage\":\"en-US\",\"@id\":\"https:\/\/gregorydamy.niceavocats.fr\/en\/#\/schema\/logo\/image\/\",\"url\":\"https:\/\/gregorydamy.niceavocats.fr\/wp-content\/uploads\/2023\/04\/damylogo-1.png\",\"contentUrl\":\"https:\/\/gregorydamy.niceavocats.fr\/wp-content\/uploads\/2023\/04\/damylogo-1.png\",\"width\":1890,\"height\":1417,\"caption\":\"Soci\u00e9t\u00e9 d'Avocats DAMY\"},\"image\":{\"@id\":\"https:\/\/gregorydamy.niceavocats.fr\/en\/#\/schema\/logo\/image\/\"},\"sameAs\":[\"https:\/\/www.facebook.com\/niceavocats.fr\/\"]},{\"@type\":\"Person\",\"@id\":\"https:\/\/gregorydamy.niceavocats.fr\/en\/#\/schema\/person\/64c9f9acb07431f6b55f72278b4a5d57\",\"name\":\"admin\",\"sameAs\":[\"https:\/\/gregorydamy.niceavocats.fr\"],\"url\":\"https:\/\/gregorydamy.niceavocats.fr\/en\/author\/admin_34\/\"}]}<\/script>\n<!-- \/ Yoast SEO plugin. -->","yoast_head_json":{"title":"Is an employee entitled to challenge the occupational physician's opinion that the employee is unfit for work, which exempts the employer from any obligation to redeploy the employee? - Soci\u00e9t\u00e9 d&#039;avocats Damy","description":"Is an employee entitled to challenge the occupational physician's opinion that the employee is unfit for work, which exempts the employer from any obligation to redeploy the employee?","robots":{"index":"index","follow":"follow","max-snippet":"max-snippet:-1","max-image-preview":"max-image-preview:large","max-video-preview":"max-video-preview:-1"},"canonical":"https:\/\/gregorydamy.niceavocats.fr\/en\/is-an-employee-entitled-to-challenge-the-occupational-physicians-opinion-that-the-employee-is-unfit-for-work-which-exempts-the-employer-from-any-obligation-to-redeploy-the-employee\/","og_locale":"en_US","og_type":"article","og_title":"Is an employee entitled to challenge the occupational physician's opinion that the employee is unfit for work, which exempts the employer from any obligation to redeploy the employee? - Soci\u00e9t\u00e9 d&#039;avocats Damy","og_description":"Is an employee entitled to challenge the occupational physician's opinion that the employee is unfit for work, which exempts the employer from any obligation to redeploy the employee?","og_url":"https:\/\/gregorydamy.niceavocats.fr\/en\/is-an-employee-entitled-to-challenge-the-occupational-physicians-opinion-that-the-employee-is-unfit-for-work-which-exempts-the-employer-from-any-obligation-to-redeploy-the-employee\/","og_site_name":"Soci\u00e9t\u00e9 d&#039;avocats Damy","article_publisher":"https:\/\/www.facebook.com\/niceavocats.fr\/","article_published_time":"2024-09-27T14:24:51+00:00","article_modified_time":"2024-09-27T14:26:53+00:00","author":"admin","twitter_card":"summary_large_image","twitter_misc":{"Written by":"admin","Est. reading time":"2 minutes"},"schema":{"@context":"https:\/\/schema.org","@graph":[{"@type":"Article","@id":"https:\/\/gregorydamy.niceavocats.fr\/en\/is-an-employee-entitled-to-challenge-the-occupational-physicians-opinion-that-the-employee-is-unfit-for-work-which-exempts-the-employer-from-any-obligation-to-redeploy-the-employee\/#article","isPartOf":{"@id":"https:\/\/gregorydamy.niceavocats.fr\/en\/is-an-employee-entitled-to-challenge-the-occupational-physicians-opinion-that-the-employee-is-unfit-for-work-which-exempts-the-employer-from-any-obligation-to-redeploy-the-employee\/"},"author":{"name":"admin","@id":"https:\/\/gregorydamy.niceavocats.fr\/en\/#\/schema\/person\/64c9f9acb07431f6b55f72278b4a5d57"},"headline":"Is an employee entitled to challenge the occupational physician&#8217;s opinion that the employee is unfit for work, which exempts the employer from any obligation to redeploy the employee?","datePublished":"2024-09-27T14:24:51+00:00","dateModified":"2024-09-27T14:26:53+00:00","mainEntityOfPage":{"@id":"https:\/\/gregorydamy.niceavocats.fr\/en\/is-an-employee-entitled-to-challenge-the-occupational-physicians-opinion-that-the-employee-is-unfit-for-work-which-exempts-the-employer-from-any-obligation-to-redeploy-the-employee\/"},"wordCount":360,"publisher":{"@id":"https:\/\/gregorydamy.niceavocats.fr\/en\/#organization"},"inLanguage":"en-US"},{"@type":"WebPage","@id":"https:\/\/gregorydamy.niceavocats.fr\/en\/is-an-employee-entitled-to-challenge-the-occupational-physicians-opinion-that-the-employee-is-unfit-for-work-which-exempts-the-employer-from-any-obligation-to-redeploy-the-employee\/","url":"https:\/\/gregorydamy.niceavocats.fr\/en\/is-an-employee-entitled-to-challenge-the-occupational-physicians-opinion-that-the-employee-is-unfit-for-work-which-exempts-the-employer-from-any-obligation-to-redeploy-the-employee\/","name":"Is an employee entitled to challenge the occupational physician's opinion that the employee is unfit for work, which exempts the employer from any obligation to redeploy the employee? - Soci\u00e9t\u00e9 d&#039;avocats Damy","isPartOf":{"@id":"https:\/\/gregorydamy.niceavocats.fr\/en\/#website"},"datePublished":"2024-09-27T14:24:51+00:00","dateModified":"2024-09-27T14:26:53+00:00","description":"Is an employee entitled to challenge the occupational physician's opinion that the employee is unfit for work, which exempts the employer from any obligation to redeploy the employee?","breadcrumb":{"@id":"https:\/\/gregorydamy.niceavocats.fr\/en\/is-an-employee-entitled-to-challenge-the-occupational-physicians-opinion-that-the-employee-is-unfit-for-work-which-exempts-the-employer-from-any-obligation-to-redeploy-the-employee\/#breadcrumb"},"inLanguage":"en-US","potentialAction":[{"@type":"ReadAction","target":["https:\/\/gregorydamy.niceavocats.fr\/en\/is-an-employee-entitled-to-challenge-the-occupational-physicians-opinion-that-the-employee-is-unfit-for-work-which-exempts-the-employer-from-any-obligation-to-redeploy-the-employee\/"]}]},{"@type":"BreadcrumbList","@id":"https:\/\/gregorydamy.niceavocats.fr\/en\/is-an-employee-entitled-to-challenge-the-occupational-physicians-opinion-that-the-employee-is-unfit-for-work-which-exempts-the-employer-from-any-obligation-to-redeploy-the-employee\/#breadcrumb","itemListElement":[{"@type":"ListItem","position":1,"name":"Accueil","item":"https:\/\/gregorydamy.niceavocats.fr\/en\/"},{"@type":"ListItem","position":2,"name":"Is an employee entitled to challenge the occupational physician&#8217;s opinion that the employee is unfit for work, which exempts the employer from any obligation to redeploy the employee?"}]},{"@type":"WebSite","@id":"https:\/\/gregorydamy.niceavocats.fr\/en\/#website","url":"https:\/\/gregorydamy.niceavocats.fr\/en\/","name":"Soci\u00e9t\u00e9 d&#039;avocats Damy","description":"Justice - Confiance - Efficacit\u00e9","publisher":{"@id":"https:\/\/gregorydamy.niceavocats.fr\/en\/#organization"},"potentialAction":[{"@type":"SearchAction","target":{"@type":"EntryPoint","urlTemplate":"https:\/\/gregorydamy.niceavocats.fr\/en\/?s={search_term_string}"},"query-input":{"@type":"PropertyValueSpecification","valueRequired":true,"valueName":"search_term_string"}}],"inLanguage":"en-US"},{"@type":"Organization","@id":"https:\/\/gregorydamy.niceavocats.fr\/en\/#organization","name":"Soci\u00e9t\u00e9 d'Avocats DAMY","alternateName":"Gr\u00e9gory DAMY","url":"https:\/\/gregorydamy.niceavocats.fr\/en\/","logo":{"@type":"ImageObject","inLanguage":"en-US","@id":"https:\/\/gregorydamy.niceavocats.fr\/en\/#\/schema\/logo\/image\/","url":"https:\/\/gregorydamy.niceavocats.fr\/wp-content\/uploads\/2023\/04\/damylogo-1.png","contentUrl":"https:\/\/gregorydamy.niceavocats.fr\/wp-content\/uploads\/2023\/04\/damylogo-1.png","width":1890,"height":1417,"caption":"Soci\u00e9t\u00e9 d'Avocats DAMY"},"image":{"@id":"https:\/\/gregorydamy.niceavocats.fr\/en\/#\/schema\/logo\/image\/"},"sameAs":["https:\/\/www.facebook.com\/niceavocats.fr\/"]},{"@type":"Person","@id":"https:\/\/gregorydamy.niceavocats.fr\/en\/#\/schema\/person\/64c9f9acb07431f6b55f72278b4a5d57","name":"admin","sameAs":["https:\/\/gregorydamy.niceavocats.fr"],"url":"https:\/\/gregorydamy.niceavocats.fr\/en\/author\/admin_34\/"}]}},"_links":{"self":[{"href":"https:\/\/gregorydamy.niceavocats.fr\/en\/wp-json\/wp\/v2\/posts\/987508782","targetHints":{"allow":["GET"]}}],"collection":[{"href":"https:\/\/gregorydamy.niceavocats.fr\/en\/wp-json\/wp\/v2\/posts"}],"about":[{"href":"https:\/\/gregorydamy.niceavocats.fr\/en\/wp-json\/wp\/v2\/types\/post"}],"author":[{"embeddable":true,"href":"https:\/\/gregorydamy.niceavocats.fr\/en\/wp-json\/wp\/v2\/users\/1"}],"replies":[{"embeddable":true,"href":"https:\/\/gregorydamy.niceavocats.fr\/en\/wp-json\/wp\/v2\/comments?post=987508782"}],"version-history":[{"count":0,"href":"https:\/\/gregorydamy.niceavocats.fr\/en\/wp-json\/wp\/v2\/posts\/987508782\/revisions"}],"wp:attachment":[{"href":"https:\/\/gregorydamy.niceavocats.fr\/en\/wp-json\/wp\/v2\/media?parent=987508782"}],"wp:term":[{"taxonomy":"category","embeddable":true,"href":"https:\/\/gregorydamy.niceavocats.fr\/en\/wp-json\/wp\/v2\/categories?post=987508782"},{"taxonomy":"post_tag","embeddable":true,"href":"https:\/\/gregorydamy.niceavocats.fr\/en\/wp-json\/wp\/v2\/tags?post=987508782"}],"curies":[{"name":"wp","href":"https:\/\/api.w.org\/{rel}","templated":true}]}}