{"id":6238,"date":"2012-04-27T14:00:33","date_gmt":"2012-04-27T14:00:33","guid":{"rendered":"https:\/\/gregorydamy.niceavocats.fr\/?p=6238"},"modified":"2023-08-02T09:59:16","modified_gmt":"2023-08-02T09:59:16","slug":"the-lawyers-deed-to-secure-the-commercial-lease","status":"publish","type":"post","link":"https:\/\/gregorydamy.niceavocats.fr\/en\/the-lawyers-deed-to-secure-the-commercial-lease\/","title":{"rendered":"The lawyer&#8217;s deed to secure the commercial lease"},"content":{"rendered":"<p>[et_pb_section fb_built=&#8221;1&#8243; admin_label=&#8221;section&#8221; _builder_version=&#8221;4.19.5&#8243; custom_margin=&#8221;||0px||false|false&#8221; custom_padding=&#8221;||0px||false|false&#8221; locked=&#8221;off&#8221; global_colors_info=&#8221;{}&#8221;][et_pb_row column_structure=&#8221;1_3,1_3,1_3&#8243; _builder_version=&#8221;4.19.5&#8243; _module_preset=&#8221;default&#8221; background_enable_mask_style=&#8221;on&#8221; background_mask_style=&#8221;wave&#8221; background_mask_color=&#8221;rgba(0,0,0,0.08)&#8221; custom_padding=&#8221;||6px|||&#8221; locked=&#8221;off&#8221; global_colors_info=&#8221;{}&#8221;][et_pb_column type=&#8221;1_3&#8243; _builder_version=&#8221;4.19.5&#8243; _module_preset=&#8221;default&#8221; global_colors_info=&#8221;{}&#8221;][\/et_pb_column][et_pb_column type=&#8221;1_3&#8243; _builder_version=&#8221;4.19.5&#8243; _module_preset=&#8221;default&#8221; global_colors_info=&#8221;{}&#8221;][\/et_pb_column][et_pb_column type=&#8221;1_3&#8243; _builder_version=&#8221;4.19.5&#8243; _module_preset=&#8221;default&#8221; global_colors_info=&#8221;{}&#8221;][et_pb_circle_counter title=&#8221;Estimated reading time (in minutes)&#8221; number=&#8221;2&#8243; percent_sign=&#8221;off&#8221; _builder_version=&#8221;4.20.2&#8243; _module_preset=&#8221;default&#8221; title_font=&#8221;Amiri||||||||&#8221; max_width=&#8221;137px&#8221; global_colors_info=&#8221;{}&#8221;][\/et_pb_circle_counter][\/et_pb_column][\/et_pb_row][et_pb_row _builder_version=&#8221;4.19.5&#8243; _module_preset=&#8221;default&#8221; custom_margin=&#8221;||0px||false|false&#8221; custom_padding=&#8221;||0px||false|false&#8221; global_colors_info=&#8221;{}&#8221;][et_pb_column type=&#8221;4_4&#8243; _builder_version=&#8221;4.19.5&#8243; _module_preset=&#8221;default&#8221; global_colors_info=&#8221;{}&#8221;][et_pb_divider _builder_version=&#8221;4.19.5&#8243; _module_preset=&#8221;default&#8221; global_colors_info=&#8221;{}&#8221;][\/et_pb_divider][\/et_pb_column][\/et_pb_row][et_pb_row admin_label=&#8221;row&#8221; _builder_version=&#8221;4.16&#8243; background_size=&#8221;initial&#8221; background_position=&#8221;top_left&#8221; background_repeat=&#8221;repeat&#8221; global_colors_info=&#8221;{}&#8221;][et_pb_column type=&#8221;4_4&#8243; _builder_version=&#8221;4.16&#8243; custom_padding=&#8221;|||&#8221; global_colors_info=&#8221;{}&#8221; custom_padding__hover=&#8221;|||&#8221;][et_pb_image _builder_version=&#8221;4.21.0&#8243; _module_preset=&#8221;default&#8221; title_text=&#8221;laptop-3196481_1280-2&#8243; src=&#8221;https:\/\/gregorydamy.niceavocats.fr\/wp-content\/uploads\/2023\/07\/laptop-3196481_1280-2.jpg&#8221; hover_enabled=&#8221;0&#8243; sticky_enabled=&#8221;0&#8243;][\/et_pb_image][et_pb_text admin_label=&#8221;Text&#8221; _builder_version=&#8221;4.21.0&#8243; text_font=&#8221;Amiri||||||||&#8221; header_2_font=&#8221;Amiri||||||||&#8221; header_3_font=&#8221;Amiri||||||||&#8221; background_size=&#8221;initial&#8221; background_position=&#8221;top_left&#8221; background_repeat=&#8221;repeat&#8221; hover_enabled=&#8221;0&#8243; global_colors_info=&#8221;{}&#8221; sticky_enabled=&#8221;0&#8243;]<\/p>\n<div class=\"entry-content\">\n<p><span>The drafting of the\u00a0<\/span><a href=\"https:\/\/entreprendre.service-public.fr\/vosdroits\/F23927#:~:text=Le%20bail%20commercial%20est%20un,d%27un%20fonds%20de%20commerce.\"><span>commercial lease<\/span><\/a><span>\u00a0is an important moment for both the lessee and the lessor.\u00a0Thanks to the lawyer&#8217;s act, the two parties secure very specific points which could prove to be contentious, such as the inventory or the termination of the lease.<\/span><\/p>\n<p>&nbsp;<\/p>\n<h2><span>The declared activity:<\/span><\/h2>\n<p>&nbsp;<\/p>\n<p><span>The activity mentioned in the lease is often very restrictive.\u00a0The lessee must therefore be extremely vigilant when drafting this clause.\u00a0If he wishes to extend his activity to a related activity, the lawyer&#8217;s deed can have this mentioned very clearly in the lease.\u00a0If he has not done so, the landlord may demand, in return, a despecialization allowance, or even a rent increase.\u00a0Each new activity may be subject to litigation.\u00a0It is therefore necessary to clearly define the activities in the lease: those existing on the day of the contract and those which could be subsequently.<\/span><\/p>\n<p>&nbsp;<\/p>\n<h2><span>A second state of affairs:<\/span><\/h2>\n<p>&nbsp;<\/p>\n<p><span>The commercial lease almost systematically imposes a contradictory inventory at the signing of the lease.\u00a0At the end of the lease, the lessee is often required to return the premises to their original state.\u00a0In the event of development work authorized by the lessor, it is therefore more prudent to have a contradictory statement drawn up with the lawyer&#8217;s deed, that is to say a second inventory after completion of the work.\u00a0In this case, the return of the premises will be made according to this second inventory and not the original inventory.<\/span><\/p>\n<p>&nbsp;<\/p>\n<h2><span>Who pays for the work?<\/span><\/h2>\n<p>&nbsp;<\/p>\n<p><span>With the help of the lawyer, the two parties are advised on the drafting of a clause which specifies all the degradations which would be likely to fall under major works at the expense of the lessor, under penalty for the lessee to be there financially. tenuous.\u00a0Regarding the work prescribed by the administration, such as work related to health and safety standards, they are treated as repairs made necessary by force majeure and are therefore the responsibility of the lessor.\u00a0On the other hand, if these works are consecutive to the use of the installations, they are the responsibility of the lessee.\u00a0It is essential to list precisely in the deed the facilities envisaged by the lessee to exercise his activity.<\/span><\/p>\n<p>&nbsp;<\/p>\n<h2><span>Failure to pay:<\/span><\/h2>\n<p>&nbsp;<\/p>\n<p><span>A termination clause must be included in the deed which allows automatic termination of the lease in the event of non-payment.\u00a0But this clause is not sufficient and it is necessary to add a mention which specifies that the lessor can invoke the termination of the lease only on the condition of having previously served a command to pay by bailiff.\u00a0A period is granted to the lessee.<\/span><\/p>\n<p><a href=\"https:\/\/gregorydamy.niceavocats.fr\/notre-equipe\/\"><span>DAMY Law Firm<\/span><\/a><span>\u00a0, Nice, business law, Update 2022<\/span><\/p>\n<\/div>\n<p>[\/et_pb_text][\/et_pb_column][\/et_pb_row][et_pb_row _builder_version=&#8221;4.19.5&#8243; _module_preset=&#8221;default&#8221; custom_margin=&#8221;||0px||false|false&#8221; custom_padding=&#8221;||0px||false|false&#8221; global_colors_info=&#8221;{}&#8221;][et_pb_column type=&#8221;4_4&#8243; _builder_version=&#8221;4.19.5&#8243; _module_preset=&#8221;default&#8221; global_colors_info=&#8221;{}&#8221;][et_pb_divider _builder_version=&#8221;4.19.5&#8243; _module_preset=&#8221;default&#8221; global_colors_info=&#8221;{}&#8221;][\/et_pb_divider][\/et_pb_column][\/et_pb_row][\/et_pb_section]<\/p>\n","protected":false},"excerpt":{"rendered":"<p>The drafting of the\u00a0commercial lease\u00a0is an important moment for both the lessee and the lessor.\u00a0Thanks to the lawyer&#8217;s act, the two parties secure very specific points which could prove to be contentious, such as the inventory or the termination of the lease. &nbsp; The declared activity: &nbsp; The activity mentioned in the lease is often [&hellip;]<\/p>\n","protected":false},"author":2,"featured_media":0,"comment_status":"open","ping_status":"open","sticky":false,"template":"","format":"standard","meta":{"_et_pb_use_builder":"on","_et_pb_old_content":"","_et_gb_content_width":"","footnotes":""},"categories":[295],"tags":[],"class_list":["post-6238","post","type-post","status-publish","format-standard","hentry","category-commercial-and-company-law"],"yoast_head":"<!-- This site is optimized with the Yoast SEO plugin v26.8 - https:\/\/yoast.com\/product\/yoast-seo-wordpress\/ -->\n<title>The lawyer&#039;s deed to secure the commercial lease - Soci\u00e9t\u00e9 d&#039;avocats Damy<\/title>\n<meta name=\"description\" content=\"The lawyer&#039;s deed to secure the commercial lease The drafting of the commercial lease is an important moment for both\" \/>\n<meta name=\"robots\" content=\"index, follow, max-snippet:-1, max-image-preview:large, max-video-preview:-1\" \/>\n<link rel=\"canonical\" href=\"https:\/\/gregorydamy.niceavocats.fr\/en\/the-lawyers-deed-to-secure-the-commercial-lease\/\" \/>\n<meta property=\"og:locale\" content=\"en_US\" \/>\n<meta property=\"og:type\" content=\"article\" \/>\n<meta property=\"og:title\" content=\"The lawyer&#039;s deed to secure the commercial lease - Soci\u00e9t\u00e9 d&#039;avocats Damy\" \/>\n<meta property=\"og:description\" content=\"The lawyer&#039;s deed to secure the commercial lease The drafting of the commercial lease is an important moment for both\" \/>\n<meta property=\"og:url\" content=\"https:\/\/gregorydamy.niceavocats.fr\/en\/the-lawyers-deed-to-secure-the-commercial-lease\/\" \/>\n<meta property=\"og:site_name\" content=\"Soci\u00e9t\u00e9 d&#039;avocats Damy\" \/>\n<meta property=\"article:publisher\" content=\"https:\/\/www.facebook.com\/niceavocats.fr\/\" \/>\n<meta property=\"article:published_time\" content=\"2012-04-27T14:00:33+00:00\" \/>\n<meta property=\"article:modified_time\" content=\"2023-08-02T09:59:16+00:00\" \/>\n<meta name=\"author\" content=\"Kevin\" \/>\n<meta name=\"twitter:card\" content=\"summary_large_image\" \/>\n<meta name=\"twitter:label1\" content=\"Written by\" \/>\n\t<meta name=\"twitter:data1\" content=\"Kevin\" \/>\n\t<meta name=\"twitter:label2\" content=\"Est. reading time\" \/>\n\t<meta name=\"twitter:data2\" content=\"3 minutes\" \/>\n<script type=\"application\/ld+json\" class=\"yoast-schema-graph\">{\"@context\":\"https:\/\/schema.org\",\"@graph\":[{\"@type\":\"Article\",\"@id\":\"https:\/\/gregorydamy.niceavocats.fr\/en\/the-lawyers-deed-to-secure-the-commercial-lease\/#article\",\"isPartOf\":{\"@id\":\"https:\/\/gregorydamy.niceavocats.fr\/en\/the-lawyers-deed-to-secure-the-commercial-lease\/\"},\"author\":{\"name\":\"Kevin\",\"@id\":\"https:\/\/gregorydamy.niceavocats.fr\/en\/#\/schema\/person\/e040acb2856efaa1e114d0e7a92a3870\"},\"headline\":\"The lawyer&#8217;s deed to secure the commercial lease\",\"datePublished\":\"2012-04-27T14:00:33+00:00\",\"dateModified\":\"2023-08-02T09:59:16+00:00\",\"mainEntityOfPage\":{\"@id\":\"https:\/\/gregorydamy.niceavocats.fr\/en\/the-lawyers-deed-to-secure-the-commercial-lease\/\"},\"wordCount\":821,\"commentCount\":0,\"publisher\":{\"@id\":\"https:\/\/gregorydamy.niceavocats.fr\/en\/#organization\"},\"articleSection\":[\"Commercial and company law\"],\"inLanguage\":\"en-US\",\"potentialAction\":[{\"@type\":\"CommentAction\",\"name\":\"Comment\",\"target\":[\"https:\/\/gregorydamy.niceavocats.fr\/en\/the-lawyers-deed-to-secure-the-commercial-lease\/#respond\"]}]},{\"@type\":\"WebPage\",\"@id\":\"https:\/\/gregorydamy.niceavocats.fr\/en\/the-lawyers-deed-to-secure-the-commercial-lease\/\",\"url\":\"https:\/\/gregorydamy.niceavocats.fr\/en\/the-lawyers-deed-to-secure-the-commercial-lease\/\",\"name\":\"The lawyer's deed to secure the commercial lease - Soci\u00e9t\u00e9 d&#039;avocats Damy\",\"isPartOf\":{\"@id\":\"https:\/\/gregorydamy.niceavocats.fr\/en\/#website\"},\"datePublished\":\"2012-04-27T14:00:33+00:00\",\"dateModified\":\"2023-08-02T09:59:16+00:00\",\"description\":\"The lawyer's deed to secure the commercial lease The drafting of the commercial lease is an important moment for both\",\"breadcrumb\":{\"@id\":\"https:\/\/gregorydamy.niceavocats.fr\/en\/the-lawyers-deed-to-secure-the-commercial-lease\/#breadcrumb\"},\"inLanguage\":\"en-US\",\"potentialAction\":[{\"@type\":\"ReadAction\",\"target\":[\"https:\/\/gregorydamy.niceavocats.fr\/en\/the-lawyers-deed-to-secure-the-commercial-lease\/\"]}]},{\"@type\":\"BreadcrumbList\",\"@id\":\"https:\/\/gregorydamy.niceavocats.fr\/en\/the-lawyers-deed-to-secure-the-commercial-lease\/#breadcrumb\",\"itemListElement\":[{\"@type\":\"ListItem\",\"position\":1,\"name\":\"Accueil\",\"item\":\"https:\/\/gregorydamy.niceavocats.fr\/en\/\"},{\"@type\":\"ListItem\",\"position\":2,\"name\":\"The lawyer&rsquo;s deed to secure the commercial lease\"}]},{\"@type\":\"WebSite\",\"@id\":\"https:\/\/gregorydamy.niceavocats.fr\/en\/#website\",\"url\":\"https:\/\/gregorydamy.niceavocats.fr\/en\/\",\"name\":\"Soci\u00e9t\u00e9 d&#039;avocats Damy\",\"description\":\"Justice - Confiance - Efficacit\u00e9\",\"publisher\":{\"@id\":\"https:\/\/gregorydamy.niceavocats.fr\/en\/#organization\"},\"potentialAction\":[{\"@type\":\"SearchAction\",\"target\":{\"@type\":\"EntryPoint\",\"urlTemplate\":\"https:\/\/gregorydamy.niceavocats.fr\/en\/?s={search_term_string}\"},\"query-input\":{\"@type\":\"PropertyValueSpecification\",\"valueRequired\":true,\"valueName\":\"search_term_string\"}}],\"inLanguage\":\"en-US\"},{\"@type\":\"Organization\",\"@id\":\"https:\/\/gregorydamy.niceavocats.fr\/en\/#organization\",\"name\":\"Soci\u00e9t\u00e9 d'Avocats DAMY\",\"alternateName\":\"Gr\u00e9gory DAMY\",\"url\":\"https:\/\/gregorydamy.niceavocats.fr\/en\/\",\"logo\":{\"@type\":\"ImageObject\",\"inLanguage\":\"en-US\",\"@id\":\"https:\/\/gregorydamy.niceavocats.fr\/en\/#\/schema\/logo\/image\/\",\"url\":\"https:\/\/gregorydamy.niceavocats.fr\/wp-content\/uploads\/2023\/04\/damylogo-1.png\",\"contentUrl\":\"https:\/\/gregorydamy.niceavocats.fr\/wp-content\/uploads\/2023\/04\/damylogo-1.png\",\"width\":1890,\"height\":1417,\"caption\":\"Soci\u00e9t\u00e9 d'Avocats DAMY\"},\"image\":{\"@id\":\"https:\/\/gregorydamy.niceavocats.fr\/en\/#\/schema\/logo\/image\/\"},\"sameAs\":[\"https:\/\/www.facebook.com\/niceavocats.fr\/\"]},{\"@type\":\"Person\",\"@id\":\"https:\/\/gregorydamy.niceavocats.fr\/en\/#\/schema\/person\/e040acb2856efaa1e114d0e7a92a3870\",\"name\":\"Kevin\",\"url\":\"https:\/\/gregorydamy.niceavocats.fr\/en\/author\/kevin\/\"}]}<\/script>\n<!-- \/ Yoast SEO plugin. -->","yoast_head_json":{"title":"The lawyer's deed to secure the commercial lease - Soci\u00e9t\u00e9 d&#039;avocats Damy","description":"The lawyer's deed to secure the commercial lease The drafting of the commercial lease is an important moment for both","robots":{"index":"index","follow":"follow","max-snippet":"max-snippet:-1","max-image-preview":"max-image-preview:large","max-video-preview":"max-video-preview:-1"},"canonical":"https:\/\/gregorydamy.niceavocats.fr\/en\/the-lawyers-deed-to-secure-the-commercial-lease\/","og_locale":"en_US","og_type":"article","og_title":"The lawyer's deed to secure the commercial lease - Soci\u00e9t\u00e9 d&#039;avocats Damy","og_description":"The lawyer's deed to secure the commercial lease The drafting of the commercial lease is an important moment for both","og_url":"https:\/\/gregorydamy.niceavocats.fr\/en\/the-lawyers-deed-to-secure-the-commercial-lease\/","og_site_name":"Soci\u00e9t\u00e9 d&#039;avocats Damy","article_publisher":"https:\/\/www.facebook.com\/niceavocats.fr\/","article_published_time":"2012-04-27T14:00:33+00:00","article_modified_time":"2023-08-02T09:59:16+00:00","author":"Kevin","twitter_card":"summary_large_image","twitter_misc":{"Written by":"Kevin","Est. reading time":"3 minutes"},"schema":{"@context":"https:\/\/schema.org","@graph":[{"@type":"Article","@id":"https:\/\/gregorydamy.niceavocats.fr\/en\/the-lawyers-deed-to-secure-the-commercial-lease\/#article","isPartOf":{"@id":"https:\/\/gregorydamy.niceavocats.fr\/en\/the-lawyers-deed-to-secure-the-commercial-lease\/"},"author":{"name":"Kevin","@id":"https:\/\/gregorydamy.niceavocats.fr\/en\/#\/schema\/person\/e040acb2856efaa1e114d0e7a92a3870"},"headline":"The lawyer&#8217;s deed to secure the commercial lease","datePublished":"2012-04-27T14:00:33+00:00","dateModified":"2023-08-02T09:59:16+00:00","mainEntityOfPage":{"@id":"https:\/\/gregorydamy.niceavocats.fr\/en\/the-lawyers-deed-to-secure-the-commercial-lease\/"},"wordCount":821,"commentCount":0,"publisher":{"@id":"https:\/\/gregorydamy.niceavocats.fr\/en\/#organization"},"articleSection":["Commercial and company law"],"inLanguage":"en-US","potentialAction":[{"@type":"CommentAction","name":"Comment","target":["https:\/\/gregorydamy.niceavocats.fr\/en\/the-lawyers-deed-to-secure-the-commercial-lease\/#respond"]}]},{"@type":"WebPage","@id":"https:\/\/gregorydamy.niceavocats.fr\/en\/the-lawyers-deed-to-secure-the-commercial-lease\/","url":"https:\/\/gregorydamy.niceavocats.fr\/en\/the-lawyers-deed-to-secure-the-commercial-lease\/","name":"The lawyer's deed to secure the commercial lease - Soci\u00e9t\u00e9 d&#039;avocats Damy","isPartOf":{"@id":"https:\/\/gregorydamy.niceavocats.fr\/en\/#website"},"datePublished":"2012-04-27T14:00:33+00:00","dateModified":"2023-08-02T09:59:16+00:00","description":"The lawyer's deed to secure the commercial lease The drafting of the commercial lease is an important moment for both","breadcrumb":{"@id":"https:\/\/gregorydamy.niceavocats.fr\/en\/the-lawyers-deed-to-secure-the-commercial-lease\/#breadcrumb"},"inLanguage":"en-US","potentialAction":[{"@type":"ReadAction","target":["https:\/\/gregorydamy.niceavocats.fr\/en\/the-lawyers-deed-to-secure-the-commercial-lease\/"]}]},{"@type":"BreadcrumbList","@id":"https:\/\/gregorydamy.niceavocats.fr\/en\/the-lawyers-deed-to-secure-the-commercial-lease\/#breadcrumb","itemListElement":[{"@type":"ListItem","position":1,"name":"Accueil","item":"https:\/\/gregorydamy.niceavocats.fr\/en\/"},{"@type":"ListItem","position":2,"name":"The lawyer&rsquo;s deed to secure the commercial lease"}]},{"@type":"WebSite","@id":"https:\/\/gregorydamy.niceavocats.fr\/en\/#website","url":"https:\/\/gregorydamy.niceavocats.fr\/en\/","name":"Soci\u00e9t\u00e9 d&#039;avocats Damy","description":"Justice - Confiance - Efficacit\u00e9","publisher":{"@id":"https:\/\/gregorydamy.niceavocats.fr\/en\/#organization"},"potentialAction":[{"@type":"SearchAction","target":{"@type":"EntryPoint","urlTemplate":"https:\/\/gregorydamy.niceavocats.fr\/en\/?s={search_term_string}"},"query-input":{"@type":"PropertyValueSpecification","valueRequired":true,"valueName":"search_term_string"}}],"inLanguage":"en-US"},{"@type":"Organization","@id":"https:\/\/gregorydamy.niceavocats.fr\/en\/#organization","name":"Soci\u00e9t\u00e9 d'Avocats DAMY","alternateName":"Gr\u00e9gory DAMY","url":"https:\/\/gregorydamy.niceavocats.fr\/en\/","logo":{"@type":"ImageObject","inLanguage":"en-US","@id":"https:\/\/gregorydamy.niceavocats.fr\/en\/#\/schema\/logo\/image\/","url":"https:\/\/gregorydamy.niceavocats.fr\/wp-content\/uploads\/2023\/04\/damylogo-1.png","contentUrl":"https:\/\/gregorydamy.niceavocats.fr\/wp-content\/uploads\/2023\/04\/damylogo-1.png","width":1890,"height":1417,"caption":"Soci\u00e9t\u00e9 d'Avocats DAMY"},"image":{"@id":"https:\/\/gregorydamy.niceavocats.fr\/en\/#\/schema\/logo\/image\/"},"sameAs":["https:\/\/www.facebook.com\/niceavocats.fr\/"]},{"@type":"Person","@id":"https:\/\/gregorydamy.niceavocats.fr\/en\/#\/schema\/person\/e040acb2856efaa1e114d0e7a92a3870","name":"Kevin","url":"https:\/\/gregorydamy.niceavocats.fr\/en\/author\/kevin\/"}]}},"_links":{"self":[{"href":"https:\/\/gregorydamy.niceavocats.fr\/en\/wp-json\/wp\/v2\/posts\/6238","targetHints":{"allow":["GET"]}}],"collection":[{"href":"https:\/\/gregorydamy.niceavocats.fr\/en\/wp-json\/wp\/v2\/posts"}],"about":[{"href":"https:\/\/gregorydamy.niceavocats.fr\/en\/wp-json\/wp\/v2\/types\/post"}],"author":[{"embeddable":true,"href":"https:\/\/gregorydamy.niceavocats.fr\/en\/wp-json\/wp\/v2\/users\/2"}],"replies":[{"embeddable":true,"href":"https:\/\/gregorydamy.niceavocats.fr\/en\/wp-json\/wp\/v2\/comments?post=6238"}],"version-history":[{"count":0,"href":"https:\/\/gregorydamy.niceavocats.fr\/en\/wp-json\/wp\/v2\/posts\/6238\/revisions"}],"wp:attachment":[{"href":"https:\/\/gregorydamy.niceavocats.fr\/en\/wp-json\/wp\/v2\/media?parent=6238"}],"wp:term":[{"taxonomy":"category","embeddable":true,"href":"https:\/\/gregorydamy.niceavocats.fr\/en\/wp-json\/wp\/v2\/categories?post=6238"},{"taxonomy":"post_tag","embeddable":true,"href":"https:\/\/gregorydamy.niceavocats.fr\/en\/wp-json\/wp\/v2\/tags?post=6238"}],"curies":[{"name":"wp","href":"https:\/\/api.w.org\/{rel}","templated":true}]}}