{"id":5167,"date":"2012-05-09T14:35:14","date_gmt":"2012-05-09T14:35:14","guid":{"rendered":"https:\/\/gregorydamy.niceavocats.fr\/?p=5167"},"modified":"2023-08-10T06:11:25","modified_gmt":"2023-08-10T06:11:25","slug":"presidential-speaking-reforms","status":"publish","type":"post","link":"https:\/\/gregorydamy.niceavocats.fr\/en\/presidential-speaking-reforms\/","title":{"rendered":"Presidential Speech Reforms"},"content":{"rendered":"<p>[et_pb_section fb_built=&#8221;1&#8243; admin_label=&#8221;section&#8221; _builder_version=&#8221;4.19.5&#8243; custom_margin=&#8221;||0px||false|false&#8221; custom_padding=&#8221;||0px||false|false&#8221; locked=&#8221;off&#8221; global_colors_info=&#8221;{}&#8221;][et_pb_row column_structure=&#8221;1_3,1_3,1_3&#8243; _builder_version=&#8221;4.19.5&#8243; _module_preset=&#8221;default&#8221; background_enable_mask_style=&#8221;on&#8221; background_mask_style=&#8221;wave&#8221; background_mask_color=&#8221;rgba(0,0,0,0.08)&#8221; custom_padding=&#8221;||6px|||&#8221; locked=&#8221;off&#8221; global_colors_info=&#8221;{}&#8221;][et_pb_column type=&#8221;1_3&#8243; _builder_version=&#8221;4.19.5&#8243; _module_preset=&#8221;default&#8221; global_colors_info=&#8221;{}&#8221;][\/et_pb_column][et_pb_column type=&#8221;1_3&#8243; _builder_version=&#8221;4.19.5&#8243; _module_preset=&#8221;default&#8221; global_colors_info=&#8221;{}&#8221;][\/et_pb_column][et_pb_column type=&#8221;1_3&#8243; _builder_version=&#8221;4.19.5&#8243; _module_preset=&#8221;default&#8221; global_colors_info=&#8221;{}&#8221;][et_pb_circle_counter title=&#8221;Estimated reading time (in minutes)&#8221; number=&#8221;2&#8243; percent_sign=&#8221;off&#8221; _builder_version=&#8221;4.20.2&#8243; _module_preset=&#8221;default&#8221; title_font=&#8221;Amiri||||||||&#8221; max_width=&#8221;137px&#8221; global_colors_info=&#8221;{}&#8221;][\/et_pb_circle_counter][\/et_pb_column][\/et_pb_row][et_pb_row _builder_version=&#8221;4.19.5&#8243; _module_preset=&#8221;default&#8221; custom_margin=&#8221;||0px||false|false&#8221; custom_padding=&#8221;||0px||false|false&#8221; global_colors_info=&#8221;{}&#8221;][et_pb_column type=&#8221;4_4&#8243; _builder_version=&#8221;4.19.5&#8243; _module_preset=&#8221;default&#8221; global_colors_info=&#8221;{}&#8221;][et_pb_divider _builder_version=&#8221;4.19.5&#8243; _module_preset=&#8221;default&#8221; global_colors_info=&#8221;{}&#8221;][\/et_pb_divider][\/et_pb_column][\/et_pb_row][et_pb_row admin_label=&#8221;row&#8221; _builder_version=&#8221;4.16&#8243; background_size=&#8221;initial&#8221; background_position=&#8221;top_left&#8221; background_repeat=&#8221;repeat&#8221; global_colors_info=&#8221;{}&#8221;][et_pb_column type=&#8221;4_4&#8243; _builder_version=&#8221;4.16&#8243; custom_padding=&#8221;|||&#8221; global_colors_info=&#8221;{}&#8221; custom_padding__hover=&#8221;|||&#8221;][et_pb_image src=&#8221;https:\/\/gregorydamy.niceavocats.fr\/wp-content\/uploads\/2012\/05\/7b582f47-25c4-4d6c-bb30-8e976abcf6bf-2060&#215;1236-1.webp&#8221; title_text=&#8221;7b582f47-25c4-4d6c-bb30-8e976abcf6bf-2060&#215;1236&#8243; _builder_version=&#8221;4.21.0&#8243; _module_preset=&#8221;default&#8221; hover_enabled=&#8221;0&#8243; global_colors_info=&#8221;{}&#8221; sticky_enabled=&#8221;0&#8243;][\/et_pb_image][et_pb_text admin_label=&#8221;Text&#8221; _builder_version=&#8221;4.21.0&#8243; text_font=&#8221;Amiri||||||||&#8221; header_2_font=&#8221;Amiri||||||||&#8221; header_3_font=&#8221;Amiri||||||||&#8221; background_size=&#8221;initial&#8221; background_position=&#8221;top_left&#8221; background_repeat=&#8221;repeat&#8221; hover_enabled=&#8221;0&#8243; global_colors_info=&#8221;{}&#8221; sticky_enabled=&#8221;0&#8243;]<\/p>\n<div class=\"entry-content\">\n<h2><span>Existing rules and differentiation of periods<\/span><\/h2>\n<p><span class=\"\"><span>The rules governing the speaking time of\u00a0\u00a0<\/span><\/span><span class=\"\"><span>presidential candidates\u00a0<\/span><\/span><span class=\"\"><span>\u00a0have undergone several distinctions and differentiations.\u00a0<\/span><\/span><span>The\u00a0<\/span><a href=\"https:\/\/www.data.gouv.fr\/fr\/organizations\/conseil-superieur-de-l-audiovisuel\/\"><span>CSA<\/span><\/a><span>\u00a0(Higher Audiovisual Council), the French\u00a0<\/span><span>audiovisual regulatory authority\u00a0<\/span><span>\u00a0, previously distinguished speaking time (direct intervention by the candidate or his supporters on television or radio) and speaking time.\u00a0antenna (coverage and subjects related to the candidate by television or radio).<\/span><\/p>\n<p><span>In addition, the CSA distinguishes three distinct periods:<\/span><\/p>\n<ol>\n<li><span>From January 1 to the publication of the official list of candidates at the end of March (no ties during this period).<\/span><\/li>\n<li><span>The period from the publication of the list until the day before the start of the official campaign.<\/span><\/li>\n<li><span>The official campaign period, which begins two weeks before the first round.<\/span><\/li>\n<\/ol>\n<p><span>In the last two periods, equal speaking time was required.<\/span><\/p>\n<h2><span>Changes introduced by the new law<\/span><\/h2>\n<p><span>On April 5, 2016, the National Assembly adopted a new law regulating speaking time in view of the 2017 presidential elections. This new legislation aimed to relax the existing rules.\u00a0In particular, the speaking time of the second period would no longer be strictly egalitarian but subject to a more flexible vision of equity by the CSA.<\/span><\/p>\n<h2><span>Consideration of the representativeness of candidates<\/span><\/h2>\n<p><span>Under the new law, the CSA is required to formally review each candidate&#8217;s standing in the next election, based on factors such as polling data.\u00a0This criterion raises free speech concerns for smaller parties that may not receive high ratings in polls, resulting in reduced speaking time.<\/span><\/p>\n<h2><span>The role of the Senate and future developments<\/span><\/h2>\n<p><span>The question of the regulation of speaking time remains delicate and the decision of the Senate on this subject remains to be determined.\u00a0The potential changes and their impact on candidates, especially smaller parties, are still the subject of ongoing discussion and debate.<\/span><\/p>\n<h2><span>Conclusion<\/span><\/h2>\n<p><span>The rules concerning the speaking time of candidates for the presidential election in France have evolved over time.\u00a0The new law passed by the National Assembly introduced a more flexible approach, emphasizing fairness rather than strict equality.\u00a0However, concerns about the representativeness of smaller parties and their limited speaking time based on poll results have arisen.\u00a0<span class=\"VIpgJd-yAWNEb-VIpgJd-fmcmS-sn54Q\">The upcoming Senate decision will shed further light on this important issue, highlighting the delicate balance between ensuring fair representation and promoting freedom of expression in the electoral process.<\/span><\/span><\/p>\n<p><a href=\"https:\/\/gregorydamy.niceavocats.fr\/\"><span>DAMY Law Firm<\/span><\/a><\/p>\n<\/div>\n<p>[\/et_pb_text][\/et_pb_column][\/et_pb_row][et_pb_row _builder_version=&#8221;4.19.5&#8243; _module_preset=&#8221;default&#8221; custom_margin=&#8221;||0px||false|false&#8221; custom_padding=&#8221;||0px||false|false&#8221; global_colors_info=&#8221;{}&#8221;][et_pb_column type=&#8221;4_4&#8243; _builder_version=&#8221;4.19.5&#8243; _module_preset=&#8221;default&#8221; global_colors_info=&#8221;{}&#8221;][et_pb_divider _builder_version=&#8221;4.19.5&#8243; _module_preset=&#8221;default&#8221; global_colors_info=&#8221;{}&#8221;][\/et_pb_divider][\/et_pb_column][\/et_pb_row][\/et_pb_section]<\/p>\n","protected":false},"excerpt":{"rendered":"<p>Existing rules and differentiation of periods The rules governing the speaking time of\u00a0\u00a0presidential candidates\u00a0\u00a0have undergone several distinctions and differentiations.\u00a0The\u00a0CSA\u00a0(Higher Audiovisual Council), the French\u00a0audiovisual regulatory authority\u00a0\u00a0, previously distinguished speaking time (direct intervention by the candidate or his supporters on television or radio) and speaking time.\u00a0antenna (coverage and subjects related to the candidate by television or radio). [&hellip;]<\/p>\n","protected":false},"author":2,"featured_media":0,"comment_status":"open","ping_status":"open","sticky":false,"template":"","format":"standard","meta":{"_et_pb_use_builder":"on","_et_pb_old_content":"","_et_gb_content_width":"","footnotes":""},"categories":[288],"tags":[],"class_list":["post-5167","post","type-post","status-publish","format-standard","hentry","category-other"],"yoast_head":"<!-- This site is optimized with the Yoast SEO plugin v26.8 - https:\/\/yoast.com\/product\/yoast-seo-wordpress\/ -->\n<title>Presidential Speech Reforms - Soci\u00e9t\u00e9 d&#039;avocats Damy<\/title>\n<meta name=\"description\" content=\"Presidential Speaking Reforms The rules governing speaking time for presidential candidates have undergone several\" \/>\n<meta name=\"robots\" content=\"index, follow, max-snippet:-1, max-image-preview:large, max-video-preview:-1\" \/>\n<link rel=\"canonical\" href=\"https:\/\/gregorydamy.niceavocats.fr\/en\/presidential-speaking-reforms\/\" \/>\n<meta property=\"og:locale\" content=\"en_US\" \/>\n<meta property=\"og:type\" content=\"article\" \/>\n<meta property=\"og:title\" content=\"Presidential Speech Reforms - Soci\u00e9t\u00e9 d&#039;avocats Damy\" \/>\n<meta property=\"og:description\" content=\"Presidential Speaking Reforms The rules governing speaking time for presidential candidates have undergone several\" \/>\n<meta property=\"og:url\" content=\"https:\/\/gregorydamy.niceavocats.fr\/en\/presidential-speaking-reforms\/\" \/>\n<meta property=\"og:site_name\" content=\"Soci\u00e9t\u00e9 d&#039;avocats Damy\" \/>\n<meta property=\"article:publisher\" content=\"https:\/\/www.facebook.com\/niceavocats.fr\/\" \/>\n<meta property=\"article:published_time\" content=\"2012-05-09T14:35:14+00:00\" \/>\n<meta property=\"article:modified_time\" content=\"2023-08-10T06:11:25+00:00\" \/>\n<meta name=\"author\" content=\"Kevin\" \/>\n<meta name=\"twitter:card\" content=\"summary_large_image\" \/>\n<meta name=\"twitter:label1\" content=\"Written by\" \/>\n\t<meta name=\"twitter:data1\" content=\"Kevin\" \/>\n\t<meta name=\"twitter:label2\" content=\"Est. reading time\" \/>\n\t<meta name=\"twitter:data2\" content=\"3 minutes\" \/>\n<script type=\"application\/ld+json\" class=\"yoast-schema-graph\">{\"@context\":\"https:\/\/schema.org\",\"@graph\":[{\"@type\":\"Article\",\"@id\":\"https:\/\/gregorydamy.niceavocats.fr\/en\/presidential-speaking-reforms\/#article\",\"isPartOf\":{\"@id\":\"https:\/\/gregorydamy.niceavocats.fr\/en\/presidential-speaking-reforms\/\"},\"author\":{\"name\":\"Kevin\",\"@id\":\"https:\/\/gregorydamy.niceavocats.fr\/en\/#\/schema\/person\/e040acb2856efaa1e114d0e7a92a3870\"},\"headline\":\"Presidential Speech Reforms\",\"datePublished\":\"2012-05-09T14:35:14+00:00\",\"dateModified\":\"2023-08-10T06:11:25+00:00\",\"mainEntityOfPage\":{\"@id\":\"https:\/\/gregorydamy.niceavocats.fr\/en\/presidential-speaking-reforms\/\"},\"wordCount\":764,\"commentCount\":0,\"publisher\":{\"@id\":\"https:\/\/gregorydamy.niceavocats.fr\/en\/#organization\"},\"articleSection\":[\"Other\"],\"inLanguage\":\"en-US\",\"potentialAction\":[{\"@type\":\"CommentAction\",\"name\":\"Comment\",\"target\":[\"https:\/\/gregorydamy.niceavocats.fr\/en\/presidential-speaking-reforms\/#respond\"]}]},{\"@type\":\"WebPage\",\"@id\":\"https:\/\/gregorydamy.niceavocats.fr\/en\/presidential-speaking-reforms\/\",\"url\":\"https:\/\/gregorydamy.niceavocats.fr\/en\/presidential-speaking-reforms\/\",\"name\":\"Presidential Speech Reforms - Soci\u00e9t\u00e9 d&#039;avocats Damy\",\"isPartOf\":{\"@id\":\"https:\/\/gregorydamy.niceavocats.fr\/en\/#website\"},\"datePublished\":\"2012-05-09T14:35:14+00:00\",\"dateModified\":\"2023-08-10T06:11:25+00:00\",\"description\":\"Presidential Speaking Reforms The rules governing speaking time for presidential candidates have undergone several\",\"breadcrumb\":{\"@id\":\"https:\/\/gregorydamy.niceavocats.fr\/en\/presidential-speaking-reforms\/#breadcrumb\"},\"inLanguage\":\"en-US\",\"potentialAction\":[{\"@type\":\"ReadAction\",\"target\":[\"https:\/\/gregorydamy.niceavocats.fr\/en\/presidential-speaking-reforms\/\"]}]},{\"@type\":\"BreadcrumbList\",\"@id\":\"https:\/\/gregorydamy.niceavocats.fr\/en\/presidential-speaking-reforms\/#breadcrumb\",\"itemListElement\":[{\"@type\":\"ListItem\",\"position\":1,\"name\":\"Accueil\",\"item\":\"https:\/\/gregorydamy.niceavocats.fr\/en\/\"},{\"@type\":\"ListItem\",\"position\":2,\"name\":\"Presidential Speech Reforms\"}]},{\"@type\":\"WebSite\",\"@id\":\"https:\/\/gregorydamy.niceavocats.fr\/en\/#website\",\"url\":\"https:\/\/gregorydamy.niceavocats.fr\/en\/\",\"name\":\"Soci\u00e9t\u00e9 d&#039;avocats Damy\",\"description\":\"Justice - Confiance - Efficacit\u00e9\",\"publisher\":{\"@id\":\"https:\/\/gregorydamy.niceavocats.fr\/en\/#organization\"},\"potentialAction\":[{\"@type\":\"SearchAction\",\"target\":{\"@type\":\"EntryPoint\",\"urlTemplate\":\"https:\/\/gregorydamy.niceavocats.fr\/en\/?s={search_term_string}\"},\"query-input\":{\"@type\":\"PropertyValueSpecification\",\"valueRequired\":true,\"valueName\":\"search_term_string\"}}],\"inLanguage\":\"en-US\"},{\"@type\":\"Organization\",\"@id\":\"https:\/\/gregorydamy.niceavocats.fr\/en\/#organization\",\"name\":\"Soci\u00e9t\u00e9 d'Avocats DAMY\",\"alternateName\":\"Gr\u00e9gory DAMY\",\"url\":\"https:\/\/gregorydamy.niceavocats.fr\/en\/\",\"logo\":{\"@type\":\"ImageObject\",\"inLanguage\":\"en-US\",\"@id\":\"https:\/\/gregorydamy.niceavocats.fr\/en\/#\/schema\/logo\/image\/\",\"url\":\"https:\/\/gregorydamy.niceavocats.fr\/wp-content\/uploads\/2023\/04\/damylogo-1.png\",\"contentUrl\":\"https:\/\/gregorydamy.niceavocats.fr\/wp-content\/uploads\/2023\/04\/damylogo-1.png\",\"width\":1890,\"height\":1417,\"caption\":\"Soci\u00e9t\u00e9 d'Avocats DAMY\"},\"image\":{\"@id\":\"https:\/\/gregorydamy.niceavocats.fr\/en\/#\/schema\/logo\/image\/\"},\"sameAs\":[\"https:\/\/www.facebook.com\/niceavocats.fr\/\"]},{\"@type\":\"Person\",\"@id\":\"https:\/\/gregorydamy.niceavocats.fr\/en\/#\/schema\/person\/e040acb2856efaa1e114d0e7a92a3870\",\"name\":\"Kevin\",\"url\":\"https:\/\/gregorydamy.niceavocats.fr\/en\/author\/kevin\/\"}]}<\/script>\n<!-- \/ Yoast SEO plugin. -->","yoast_head_json":{"title":"Presidential Speech Reforms - Soci\u00e9t\u00e9 d&#039;avocats Damy","description":"Presidential Speaking Reforms The rules governing speaking time for presidential candidates have undergone several","robots":{"index":"index","follow":"follow","max-snippet":"max-snippet:-1","max-image-preview":"max-image-preview:large","max-video-preview":"max-video-preview:-1"},"canonical":"https:\/\/gregorydamy.niceavocats.fr\/en\/presidential-speaking-reforms\/","og_locale":"en_US","og_type":"article","og_title":"Presidential Speech Reforms - Soci\u00e9t\u00e9 d&#039;avocats Damy","og_description":"Presidential Speaking Reforms The rules governing speaking time for presidential candidates have undergone several","og_url":"https:\/\/gregorydamy.niceavocats.fr\/en\/presidential-speaking-reforms\/","og_site_name":"Soci\u00e9t\u00e9 d&#039;avocats Damy","article_publisher":"https:\/\/www.facebook.com\/niceavocats.fr\/","article_published_time":"2012-05-09T14:35:14+00:00","article_modified_time":"2023-08-10T06:11:25+00:00","author":"Kevin","twitter_card":"summary_large_image","twitter_misc":{"Written by":"Kevin","Est. reading time":"3 minutes"},"schema":{"@context":"https:\/\/schema.org","@graph":[{"@type":"Article","@id":"https:\/\/gregorydamy.niceavocats.fr\/en\/presidential-speaking-reforms\/#article","isPartOf":{"@id":"https:\/\/gregorydamy.niceavocats.fr\/en\/presidential-speaking-reforms\/"},"author":{"name":"Kevin","@id":"https:\/\/gregorydamy.niceavocats.fr\/en\/#\/schema\/person\/e040acb2856efaa1e114d0e7a92a3870"},"headline":"Presidential Speech Reforms","datePublished":"2012-05-09T14:35:14+00:00","dateModified":"2023-08-10T06:11:25+00:00","mainEntityOfPage":{"@id":"https:\/\/gregorydamy.niceavocats.fr\/en\/presidential-speaking-reforms\/"},"wordCount":764,"commentCount":0,"publisher":{"@id":"https:\/\/gregorydamy.niceavocats.fr\/en\/#organization"},"articleSection":["Other"],"inLanguage":"en-US","potentialAction":[{"@type":"CommentAction","name":"Comment","target":["https:\/\/gregorydamy.niceavocats.fr\/en\/presidential-speaking-reforms\/#respond"]}]},{"@type":"WebPage","@id":"https:\/\/gregorydamy.niceavocats.fr\/en\/presidential-speaking-reforms\/","url":"https:\/\/gregorydamy.niceavocats.fr\/en\/presidential-speaking-reforms\/","name":"Presidential Speech Reforms - Soci\u00e9t\u00e9 d&#039;avocats Damy","isPartOf":{"@id":"https:\/\/gregorydamy.niceavocats.fr\/en\/#website"},"datePublished":"2012-05-09T14:35:14+00:00","dateModified":"2023-08-10T06:11:25+00:00","description":"Presidential Speaking Reforms The rules governing speaking time for presidential candidates have undergone several","breadcrumb":{"@id":"https:\/\/gregorydamy.niceavocats.fr\/en\/presidential-speaking-reforms\/#breadcrumb"},"inLanguage":"en-US","potentialAction":[{"@type":"ReadAction","target":["https:\/\/gregorydamy.niceavocats.fr\/en\/presidential-speaking-reforms\/"]}]},{"@type":"BreadcrumbList","@id":"https:\/\/gregorydamy.niceavocats.fr\/en\/presidential-speaking-reforms\/#breadcrumb","itemListElement":[{"@type":"ListItem","position":1,"name":"Accueil","item":"https:\/\/gregorydamy.niceavocats.fr\/en\/"},{"@type":"ListItem","position":2,"name":"Presidential Speech Reforms"}]},{"@type":"WebSite","@id":"https:\/\/gregorydamy.niceavocats.fr\/en\/#website","url":"https:\/\/gregorydamy.niceavocats.fr\/en\/","name":"Soci\u00e9t\u00e9 d&#039;avocats Damy","description":"Justice - Confiance - Efficacit\u00e9","publisher":{"@id":"https:\/\/gregorydamy.niceavocats.fr\/en\/#organization"},"potentialAction":[{"@type":"SearchAction","target":{"@type":"EntryPoint","urlTemplate":"https:\/\/gregorydamy.niceavocats.fr\/en\/?s={search_term_string}"},"query-input":{"@type":"PropertyValueSpecification","valueRequired":true,"valueName":"search_term_string"}}],"inLanguage":"en-US"},{"@type":"Organization","@id":"https:\/\/gregorydamy.niceavocats.fr\/en\/#organization","name":"Soci\u00e9t\u00e9 d'Avocats DAMY","alternateName":"Gr\u00e9gory DAMY","url":"https:\/\/gregorydamy.niceavocats.fr\/en\/","logo":{"@type":"ImageObject","inLanguage":"en-US","@id":"https:\/\/gregorydamy.niceavocats.fr\/en\/#\/schema\/logo\/image\/","url":"https:\/\/gregorydamy.niceavocats.fr\/wp-content\/uploads\/2023\/04\/damylogo-1.png","contentUrl":"https:\/\/gregorydamy.niceavocats.fr\/wp-content\/uploads\/2023\/04\/damylogo-1.png","width":1890,"height":1417,"caption":"Soci\u00e9t\u00e9 d'Avocats DAMY"},"image":{"@id":"https:\/\/gregorydamy.niceavocats.fr\/en\/#\/schema\/logo\/image\/"},"sameAs":["https:\/\/www.facebook.com\/niceavocats.fr\/"]},{"@type":"Person","@id":"https:\/\/gregorydamy.niceavocats.fr\/en\/#\/schema\/person\/e040acb2856efaa1e114d0e7a92a3870","name":"Kevin","url":"https:\/\/gregorydamy.niceavocats.fr\/en\/author\/kevin\/"}]}},"_links":{"self":[{"href":"https:\/\/gregorydamy.niceavocats.fr\/en\/wp-json\/wp\/v2\/posts\/5167","targetHints":{"allow":["GET"]}}],"collection":[{"href":"https:\/\/gregorydamy.niceavocats.fr\/en\/wp-json\/wp\/v2\/posts"}],"about":[{"href":"https:\/\/gregorydamy.niceavocats.fr\/en\/wp-json\/wp\/v2\/types\/post"}],"author":[{"embeddable":true,"href":"https:\/\/gregorydamy.niceavocats.fr\/en\/wp-json\/wp\/v2\/users\/2"}],"replies":[{"embeddable":true,"href":"https:\/\/gregorydamy.niceavocats.fr\/en\/wp-json\/wp\/v2\/comments?post=5167"}],"version-history":[{"count":0,"href":"https:\/\/gregorydamy.niceavocats.fr\/en\/wp-json\/wp\/v2\/posts\/5167\/revisions"}],"wp:attachment":[{"href":"https:\/\/gregorydamy.niceavocats.fr\/en\/wp-json\/wp\/v2\/media?parent=5167"}],"wp:term":[{"taxonomy":"category","embeddable":true,"href":"https:\/\/gregorydamy.niceavocats.fr\/en\/wp-json\/wp\/v2\/categories?post=5167"},{"taxonomy":"post_tag","embeddable":true,"href":"https:\/\/gregorydamy.niceavocats.fr\/en\/wp-json\/wp\/v2\/tags?post=5167"}],"curies":[{"name":"wp","href":"https:\/\/api.w.org\/{rel}","templated":true}]}}