{"id":4192,"date":"2012-07-12T08:49:09","date_gmt":"2012-07-12T08:49:09","guid":{"rendered":"https:\/\/gregorydamy.niceavocats.fr\/?p=4192"},"modified":"2023-08-31T07:24:45","modified_gmt":"2023-08-31T07:24:45","slug":"minimum-wage-updates","status":"publish","type":"post","link":"https:\/\/gregorydamy.niceavocats.fr\/en\/minimum-wage-updates\/","title":{"rendered":"Minimum Wage Updates"},"content":{"rendered":"<p>[et_pb_section fb_built=&#8221;1&#8243; admin_label=&#8221;section&#8221; _builder_version=&#8221;4.19.5&#8243; custom_margin=&#8221;||0px||false|false&#8221; custom_padding=&#8221;||0px||false|false&#8221; locked=&#8221;off&#8221; global_colors_info=&#8221;{}&#8221;][et_pb_row column_structure=&#8221;1_3,1_3,1_3&#8243; _builder_version=&#8221;4.19.5&#8243; _module_preset=&#8221;default&#8221; background_enable_mask_style=&#8221;on&#8221; background_mask_style=&#8221;wave&#8221; background_mask_color=&#8221;rgba(0,0,0,0.08)&#8221; custom_padding=&#8221;||6px|||&#8221; locked=&#8221;off&#8221; global_colors_info=&#8221;{}&#8221;][et_pb_column type=&#8221;1_3&#8243; _builder_version=&#8221;4.19.5&#8243; _module_preset=&#8221;default&#8221; global_colors_info=&#8221;{}&#8221;][\/et_pb_column][et_pb_column type=&#8221;1_3&#8243; _builder_version=&#8221;4.19.5&#8243; _module_preset=&#8221;default&#8221; global_colors_info=&#8221;{}&#8221;][\/et_pb_column][et_pb_column type=&#8221;1_3&#8243; _builder_version=&#8221;4.19.5&#8243; _module_preset=&#8221;default&#8221; global_colors_info=&#8221;{}&#8221;][et_pb_circle_counter title=&#8221; Estimated reading time (in minutes)&#8221; number=&#8221;2&#8243; percent_sign=&#8221;off&#8221; _builder_version=&#8221;4.19.5&#8243; _module_preset=&#8221;default&#8221; title_font=&#8221;Amiri||||||||&#8221; max_width=&#8221;137px&#8221; global_colors_info=&#8221;{}&#8221;][\/et_pb_circle_counter][\/et_pb_column][\/et_pb_row][et_pb_row _builder_version=&#8221;4.19.5&#8243; _module_preset=&#8221;default&#8221; custom_margin=&#8221;||0px||false|false&#8221; custom_padding=&#8221;||0px||false|false&#8221; global_colors_info=&#8221;{}&#8221;][et_pb_column type=&#8221;4_4&#8243; _builder_version=&#8221;4.19.5&#8243; _module_preset=&#8221;default&#8221; global_colors_info=&#8221;{}&#8221;][et_pb_divider _builder_version=&#8221;4.19.5&#8243; _module_preset=&#8221;default&#8221; global_colors_info=&#8221;{}&#8221;][\/et_pb_divider][\/et_pb_column][\/et_pb_row][et_pb_row admin_label=&#8221;row&#8221; _builder_version=&#8221;4.16&#8243; background_size=&#8221;initial&#8221; background_position=&#8221;top_left&#8221; background_repeat=&#8221;repeat&#8221; global_colors_info=&#8221;{}&#8221;][et_pb_column type=&#8221;4_4&#8243; _builder_version=&#8221;4.16&#8243; custom_padding=&#8221;|||&#8221; global_colors_info=&#8221;{}&#8221; custom_padding__hover=&#8221;|||&#8221;][et_pb_image src=&#8221;https:\/\/gregorydamy.niceavocats.fr\/wp-content\/uploads\/2023\/08\/graph-5459687_1280-2.png&#8221; title_text=&#8221;graph-5459687_1280-2&#8243; _builder_version=&#8221;4.21.0&#8243; _module_preset=&#8221;default&#8221; hover_enabled=&#8221;0&#8243; global_colors_info=&#8221;{}&#8221; sticky_enabled=&#8221;0&#8243;][\/et_pb_image][et_pb_text admin_label=&#8221;Text&#8221; _builder_version=&#8221;4.21.0&#8243; text_font=&#8221;Amiri||||||||&#8221; header_2_font=&#8221;Amiri||||||||&#8221; header_3_font=&#8221;Amiri||||||||&#8221; background_size=&#8221;initial&#8221; background_position=&#8221;top_left&#8221; background_repeat=&#8221;repeat&#8221; hover_enabled=&#8221;0&#8243; global_colors_info=&#8221;{}&#8221; sticky_enabled=&#8221;0&#8243;]<\/p>\n<div class=\"entry-content\">\n<h2><span>Impact of the increase in the minimum wage on salaries and wages<\/span><\/h2>\n<p><span>On July 1, 2012, the French minimum wage (\u00a0<\/span><a href=\"https:\/\/www.service-public.fr\/particuliers\/vosdroits\/F2300\"><span>SMIC<\/span><\/a><span>\u00a0) saw a notable increase from 9.22 euros to 9.40 euros, an increase of 1.95%.\u00a0<\/span><span class=\"\"><span>This adjustment has significant implications for employers, as it requires them to increase wages that would otherwise fall below the minimum wage threshold.\u00a0<\/span><\/span><span>The basic monthly minimum wage for a normal 35-hour working week is 1,425.67 euros.<\/span><\/p>\n<p><span>This change not only affects regular employees but also has consequences on the remuneration of apprentices.\u00a0However, it does not impact the 2012 flat-rate bases. This adjustment must be taken into account by the employer in the calculation of the annualization of the 2012 Fillon reduction and certain other exemptions.\u00a0In addition, the guaranteed minimum wage, known as the \u201cconventional minimum wage\u201d in the hotel-caf\u00e9-restaurant sector, increases from 3.44 euros to 3.49 euros.\u00a0This adjustment is particularly relevant when assessing the benefit in kind for food in this\u00a0\u00a0<\/span><span>industry\u00a0<\/span><span>\u00a0.<\/span><\/p>\n<h2><span>Significant increase in minimum wage for 2022<\/span><\/h2>\n<p><span>In 2022, the minimum wage in France saw a\u00a0\u00a0<\/span><span>substantial increase\u00a0<\/span><span>\u00a0, reaching 10.85 euros gross per hour, or 1,645.58 euros gross monthly.\u00a0This increase marks the largest increase in the minimum wage since 2012. The adjustment aims to improve workers&#8217; compensation and cope with the rising cost of living.<\/span><\/p>\n<p><span>Labor law experts, like\u00a0<\/span><a href=\"https:\/\/gregorydamy.niceavocats.fr\/\"><span>Me Gr\u00e9gory DAMY<\/span><\/a><span>\u00a0, recognize the importance of this development in the labor market.\u00a0It highlights the commitment to ensuring fair pay and recognizes the changing economic landscape.\u00a0Raising the minimum wage aims to raise workers&#8217; living standards and promote social equity.<\/span><\/p>\n<p><span>Employers should be aware of these changes and ensure compliance with updated minimum wage rates.\u00a0Compliance with these regulations is essential to maintaining fair and legal employment practices and promoting a healthy work environment.<\/span><\/p>\n<p><span>Overall, these minimum wage adjustments reflect ongoing efforts to balance employee rights and economic considerations.\u00a0The revisions aim to address income disparities and improve the financial well-being of workers, thereby contributing to a more equitable society.<\/span><\/p>\n<\/div>\n<p>[\/et_pb_text][\/et_pb_column][\/et_pb_row][et_pb_row _builder_version=&#8221;4.19.5&#8243; _module_preset=&#8221;default&#8221; custom_margin=&#8221;||0px||false|false&#8221; custom_padding=&#8221;||0px||false|false&#8221; global_colors_info=&#8221;{}&#8221;][et_pb_column type=&#8221;4_4&#8243; _builder_version=&#8221;4.19.5&#8243; _module_preset=&#8221;default&#8221; global_colors_info=&#8221;{}&#8221;][et_pb_divider _builder_version=&#8221;4.19.5&#8243; _module_preset=&#8221;default&#8221; global_colors_info=&#8221;{}&#8221;][\/et_pb_divider][\/et_pb_column][\/et_pb_row][\/et_pb_section]<\/p>\n","protected":false},"excerpt":{"rendered":"<p>Impact of the increase in the minimum wage on salaries and wages On July 1, 2012, the French minimum wage (\u00a0SMIC\u00a0) saw a notable increase from 9.22 euros to 9.40 euros, an increase of 1.95%.\u00a0This adjustment has significant implications for employers, as it requires them to increase wages that would otherwise fall below the minimum [&hellip;]<\/p>\n","protected":false},"author":2,"featured_media":0,"comment_status":"open","ping_status":"open","sticky":false,"template":"","format":"standard","meta":{"_et_pb_use_builder":"on","_et_pb_old_content":"","_et_gb_content_width":"","footnotes":""},"categories":[308],"tags":[],"class_list":["post-4192","post","type-post","status-publish","format-standard","hentry","category-labour-law"],"yoast_head":"<!-- This site is optimized with the Yoast SEO plugin v26.8 - https:\/\/yoast.com\/product\/yoast-seo-wordpress\/ -->\n<title>Minimum Wage Updates - Soci\u00e9t\u00e9 d&#039;avocats Damy<\/title>\n<meta name=\"description\" content=\"Minimum Wage Updates Overall, these adjustments to the minimum wage reflect the ongoing efforts to strike a balance between employee\" \/>\n<meta name=\"robots\" content=\"index, follow, max-snippet:-1, max-image-preview:large, max-video-preview:-1\" \/>\n<link rel=\"canonical\" href=\"https:\/\/gregorydamy.niceavocats.fr\/en\/minimum-wage-updates\/\" \/>\n<meta property=\"og:locale\" content=\"en_US\" \/>\n<meta property=\"og:type\" content=\"article\" \/>\n<meta property=\"og:title\" content=\"Minimum Wage Updates - Soci\u00e9t\u00e9 d&#039;avocats Damy\" \/>\n<meta property=\"og:description\" content=\"Minimum Wage Updates Overall, these adjustments to the minimum wage reflect the ongoing efforts to strike a balance between employee\" \/>\n<meta property=\"og:url\" content=\"https:\/\/gregorydamy.niceavocats.fr\/en\/minimum-wage-updates\/\" \/>\n<meta property=\"og:site_name\" content=\"Soci\u00e9t\u00e9 d&#039;avocats Damy\" \/>\n<meta property=\"article:publisher\" content=\"https:\/\/www.facebook.com\/niceavocats.fr\/\" \/>\n<meta property=\"article:published_time\" content=\"2012-07-12T08:49:09+00:00\" \/>\n<meta property=\"article:modified_time\" content=\"2023-08-31T07:24:45+00:00\" \/>\n<meta name=\"author\" content=\"Kevin\" \/>\n<meta name=\"twitter:card\" content=\"summary_large_image\" \/>\n<meta name=\"twitter:label1\" content=\"Written by\" \/>\n\t<meta name=\"twitter:data1\" content=\"Kevin\" \/>\n\t<meta name=\"twitter:label2\" content=\"Est. reading time\" \/>\n\t<meta name=\"twitter:data2\" content=\"3 minutes\" \/>\n<script type=\"application\/ld+json\" class=\"yoast-schema-graph\">{\"@context\":\"https:\/\/schema.org\",\"@graph\":[{\"@type\":\"Article\",\"@id\":\"https:\/\/gregorydamy.niceavocats.fr\/en\/minimum-wage-updates\/#article\",\"isPartOf\":{\"@id\":\"https:\/\/gregorydamy.niceavocats.fr\/en\/minimum-wage-updates\/\"},\"author\":{\"name\":\"Kevin\",\"@id\":\"https:\/\/gregorydamy.niceavocats.fr\/en\/#\/schema\/person\/e040acb2856efaa1e114d0e7a92a3870\"},\"headline\":\"Minimum Wage Updates\",\"datePublished\":\"2012-07-12T08:49:09+00:00\",\"dateModified\":\"2023-08-31T07:24:45+00:00\",\"mainEntityOfPage\":{\"@id\":\"https:\/\/gregorydamy.niceavocats.fr\/en\/minimum-wage-updates\/\"},\"wordCount\":677,\"commentCount\":0,\"publisher\":{\"@id\":\"https:\/\/gregorydamy.niceavocats.fr\/en\/#organization\"},\"articleSection\":[\"Labour law\"],\"inLanguage\":\"en-US\",\"potentialAction\":[{\"@type\":\"CommentAction\",\"name\":\"Comment\",\"target\":[\"https:\/\/gregorydamy.niceavocats.fr\/en\/minimum-wage-updates\/#respond\"]}]},{\"@type\":\"WebPage\",\"@id\":\"https:\/\/gregorydamy.niceavocats.fr\/en\/minimum-wage-updates\/\",\"url\":\"https:\/\/gregorydamy.niceavocats.fr\/en\/minimum-wage-updates\/\",\"name\":\"Minimum Wage Updates - Soci\u00e9t\u00e9 d&#039;avocats Damy\",\"isPartOf\":{\"@id\":\"https:\/\/gregorydamy.niceavocats.fr\/en\/#website\"},\"datePublished\":\"2012-07-12T08:49:09+00:00\",\"dateModified\":\"2023-08-31T07:24:45+00:00\",\"description\":\"Minimum Wage Updates Overall, these adjustments to the minimum wage reflect the ongoing efforts to strike a balance between employee\",\"breadcrumb\":{\"@id\":\"https:\/\/gregorydamy.niceavocats.fr\/en\/minimum-wage-updates\/#breadcrumb\"},\"inLanguage\":\"en-US\",\"potentialAction\":[{\"@type\":\"ReadAction\",\"target\":[\"https:\/\/gregorydamy.niceavocats.fr\/en\/minimum-wage-updates\/\"]}]},{\"@type\":\"BreadcrumbList\",\"@id\":\"https:\/\/gregorydamy.niceavocats.fr\/en\/minimum-wage-updates\/#breadcrumb\",\"itemListElement\":[{\"@type\":\"ListItem\",\"position\":1,\"name\":\"Accueil\",\"item\":\"https:\/\/gregorydamy.niceavocats.fr\/en\/\"},{\"@type\":\"ListItem\",\"position\":2,\"name\":\"Minimum Wage Updates\"}]},{\"@type\":\"WebSite\",\"@id\":\"https:\/\/gregorydamy.niceavocats.fr\/en\/#website\",\"url\":\"https:\/\/gregorydamy.niceavocats.fr\/en\/\",\"name\":\"Soci\u00e9t\u00e9 d&#039;avocats Damy\",\"description\":\"Justice - Confiance - Efficacit\u00e9\",\"publisher\":{\"@id\":\"https:\/\/gregorydamy.niceavocats.fr\/en\/#organization\"},\"potentialAction\":[{\"@type\":\"SearchAction\",\"target\":{\"@type\":\"EntryPoint\",\"urlTemplate\":\"https:\/\/gregorydamy.niceavocats.fr\/en\/?s={search_term_string}\"},\"query-input\":{\"@type\":\"PropertyValueSpecification\",\"valueRequired\":true,\"valueName\":\"search_term_string\"}}],\"inLanguage\":\"en-US\"},{\"@type\":\"Organization\",\"@id\":\"https:\/\/gregorydamy.niceavocats.fr\/en\/#organization\",\"name\":\"Soci\u00e9t\u00e9 d'Avocats DAMY\",\"alternateName\":\"Gr\u00e9gory DAMY\",\"url\":\"https:\/\/gregorydamy.niceavocats.fr\/en\/\",\"logo\":{\"@type\":\"ImageObject\",\"inLanguage\":\"en-US\",\"@id\":\"https:\/\/gregorydamy.niceavocats.fr\/en\/#\/schema\/logo\/image\/\",\"url\":\"https:\/\/gregorydamy.niceavocats.fr\/wp-content\/uploads\/2023\/04\/damylogo-1.png\",\"contentUrl\":\"https:\/\/gregorydamy.niceavocats.fr\/wp-content\/uploads\/2023\/04\/damylogo-1.png\",\"width\":1890,\"height\":1417,\"caption\":\"Soci\u00e9t\u00e9 d'Avocats DAMY\"},\"image\":{\"@id\":\"https:\/\/gregorydamy.niceavocats.fr\/en\/#\/schema\/logo\/image\/\"},\"sameAs\":[\"https:\/\/www.facebook.com\/niceavocats.fr\/\"]},{\"@type\":\"Person\",\"@id\":\"https:\/\/gregorydamy.niceavocats.fr\/en\/#\/schema\/person\/e040acb2856efaa1e114d0e7a92a3870\",\"name\":\"Kevin\",\"url\":\"https:\/\/gregorydamy.niceavocats.fr\/en\/author\/kevin\/\"}]}<\/script>\n<!-- \/ Yoast SEO plugin. -->","yoast_head_json":{"title":"Minimum Wage Updates - Soci\u00e9t\u00e9 d&#039;avocats Damy","description":"Minimum Wage Updates Overall, these adjustments to the minimum wage reflect the ongoing efforts to strike a balance between employee","robots":{"index":"index","follow":"follow","max-snippet":"max-snippet:-1","max-image-preview":"max-image-preview:large","max-video-preview":"max-video-preview:-1"},"canonical":"https:\/\/gregorydamy.niceavocats.fr\/en\/minimum-wage-updates\/","og_locale":"en_US","og_type":"article","og_title":"Minimum Wage Updates - Soci\u00e9t\u00e9 d&#039;avocats Damy","og_description":"Minimum Wage Updates Overall, these adjustments to the minimum wage reflect the ongoing efforts to strike a balance between employee","og_url":"https:\/\/gregorydamy.niceavocats.fr\/en\/minimum-wage-updates\/","og_site_name":"Soci\u00e9t\u00e9 d&#039;avocats Damy","article_publisher":"https:\/\/www.facebook.com\/niceavocats.fr\/","article_published_time":"2012-07-12T08:49:09+00:00","article_modified_time":"2023-08-31T07:24:45+00:00","author":"Kevin","twitter_card":"summary_large_image","twitter_misc":{"Written by":"Kevin","Est. reading time":"3 minutes"},"schema":{"@context":"https:\/\/schema.org","@graph":[{"@type":"Article","@id":"https:\/\/gregorydamy.niceavocats.fr\/en\/minimum-wage-updates\/#article","isPartOf":{"@id":"https:\/\/gregorydamy.niceavocats.fr\/en\/minimum-wage-updates\/"},"author":{"name":"Kevin","@id":"https:\/\/gregorydamy.niceavocats.fr\/en\/#\/schema\/person\/e040acb2856efaa1e114d0e7a92a3870"},"headline":"Minimum Wage Updates","datePublished":"2012-07-12T08:49:09+00:00","dateModified":"2023-08-31T07:24:45+00:00","mainEntityOfPage":{"@id":"https:\/\/gregorydamy.niceavocats.fr\/en\/minimum-wage-updates\/"},"wordCount":677,"commentCount":0,"publisher":{"@id":"https:\/\/gregorydamy.niceavocats.fr\/en\/#organization"},"articleSection":["Labour law"],"inLanguage":"en-US","potentialAction":[{"@type":"CommentAction","name":"Comment","target":["https:\/\/gregorydamy.niceavocats.fr\/en\/minimum-wage-updates\/#respond"]}]},{"@type":"WebPage","@id":"https:\/\/gregorydamy.niceavocats.fr\/en\/minimum-wage-updates\/","url":"https:\/\/gregorydamy.niceavocats.fr\/en\/minimum-wage-updates\/","name":"Minimum Wage Updates - Soci\u00e9t\u00e9 d&#039;avocats Damy","isPartOf":{"@id":"https:\/\/gregorydamy.niceavocats.fr\/en\/#website"},"datePublished":"2012-07-12T08:49:09+00:00","dateModified":"2023-08-31T07:24:45+00:00","description":"Minimum Wage Updates Overall, these adjustments to the minimum wage reflect the ongoing efforts to strike a balance between employee","breadcrumb":{"@id":"https:\/\/gregorydamy.niceavocats.fr\/en\/minimum-wage-updates\/#breadcrumb"},"inLanguage":"en-US","potentialAction":[{"@type":"ReadAction","target":["https:\/\/gregorydamy.niceavocats.fr\/en\/minimum-wage-updates\/"]}]},{"@type":"BreadcrumbList","@id":"https:\/\/gregorydamy.niceavocats.fr\/en\/minimum-wage-updates\/#breadcrumb","itemListElement":[{"@type":"ListItem","position":1,"name":"Accueil","item":"https:\/\/gregorydamy.niceavocats.fr\/en\/"},{"@type":"ListItem","position":2,"name":"Minimum Wage Updates"}]},{"@type":"WebSite","@id":"https:\/\/gregorydamy.niceavocats.fr\/en\/#website","url":"https:\/\/gregorydamy.niceavocats.fr\/en\/","name":"Soci\u00e9t\u00e9 d&#039;avocats Damy","description":"Justice - Confiance - Efficacit\u00e9","publisher":{"@id":"https:\/\/gregorydamy.niceavocats.fr\/en\/#organization"},"potentialAction":[{"@type":"SearchAction","target":{"@type":"EntryPoint","urlTemplate":"https:\/\/gregorydamy.niceavocats.fr\/en\/?s={search_term_string}"},"query-input":{"@type":"PropertyValueSpecification","valueRequired":true,"valueName":"search_term_string"}}],"inLanguage":"en-US"},{"@type":"Organization","@id":"https:\/\/gregorydamy.niceavocats.fr\/en\/#organization","name":"Soci\u00e9t\u00e9 d'Avocats DAMY","alternateName":"Gr\u00e9gory DAMY","url":"https:\/\/gregorydamy.niceavocats.fr\/en\/","logo":{"@type":"ImageObject","inLanguage":"en-US","@id":"https:\/\/gregorydamy.niceavocats.fr\/en\/#\/schema\/logo\/image\/","url":"https:\/\/gregorydamy.niceavocats.fr\/wp-content\/uploads\/2023\/04\/damylogo-1.png","contentUrl":"https:\/\/gregorydamy.niceavocats.fr\/wp-content\/uploads\/2023\/04\/damylogo-1.png","width":1890,"height":1417,"caption":"Soci\u00e9t\u00e9 d'Avocats DAMY"},"image":{"@id":"https:\/\/gregorydamy.niceavocats.fr\/en\/#\/schema\/logo\/image\/"},"sameAs":["https:\/\/www.facebook.com\/niceavocats.fr\/"]},{"@type":"Person","@id":"https:\/\/gregorydamy.niceavocats.fr\/en\/#\/schema\/person\/e040acb2856efaa1e114d0e7a92a3870","name":"Kevin","url":"https:\/\/gregorydamy.niceavocats.fr\/en\/author\/kevin\/"}]}},"_links":{"self":[{"href":"https:\/\/gregorydamy.niceavocats.fr\/en\/wp-json\/wp\/v2\/posts\/4192","targetHints":{"allow":["GET"]}}],"collection":[{"href":"https:\/\/gregorydamy.niceavocats.fr\/en\/wp-json\/wp\/v2\/posts"}],"about":[{"href":"https:\/\/gregorydamy.niceavocats.fr\/en\/wp-json\/wp\/v2\/types\/post"}],"author":[{"embeddable":true,"href":"https:\/\/gregorydamy.niceavocats.fr\/en\/wp-json\/wp\/v2\/users\/2"}],"replies":[{"embeddable":true,"href":"https:\/\/gregorydamy.niceavocats.fr\/en\/wp-json\/wp\/v2\/comments?post=4192"}],"version-history":[{"count":0,"href":"https:\/\/gregorydamy.niceavocats.fr\/en\/wp-json\/wp\/v2\/posts\/4192\/revisions"}],"wp:attachment":[{"href":"https:\/\/gregorydamy.niceavocats.fr\/en\/wp-json\/wp\/v2\/media?parent=4192"}],"wp:term":[{"taxonomy":"category","embeddable":true,"href":"https:\/\/gregorydamy.niceavocats.fr\/en\/wp-json\/wp\/v2\/categories?post=4192"},{"taxonomy":"post_tag","embeddable":true,"href":"https:\/\/gregorydamy.niceavocats.fr\/en\/wp-json\/wp\/v2\/tags?post=4192"}],"curies":[{"name":"wp","href":"https:\/\/api.w.org\/{rel}","templated":true}]}}