{"id":3804,"date":"2012-07-27T08:24:39","date_gmt":"2012-07-27T08:24:39","guid":{"rendered":"https:\/\/gregorydamy.niceavocats.fr\/?p=3804"},"modified":"2023-08-09T08:00:00","modified_gmt":"2023-08-09T08:00:00","slug":"general-social-contribution","status":"publish","type":"post","link":"https:\/\/gregorydamy.niceavocats.fr\/en\/general-social-contribution\/","title":{"rendered":"Legal nature of the general social contribution"},"content":{"rendered":"<p>[et_pb_section fb_built=&#8221;1&#8243; admin_label=&#8221;section&#8221; _builder_version=&#8221;4.19.5&#8243; custom_margin=&#8221;||0px||false|false&#8221; custom_padding=&#8221;||0px||false|false&#8221; locked=&#8221;off&#8221; global_colors_info=&#8221;{}&#8221;][et_pb_row column_structure=&#8221;1_3,1_3,1_3&#8243; _builder_version=&#8221;4.19.5&#8243; _module_preset=&#8221;default&#8221; background_enable_mask_style=&#8221;on&#8221; background_mask_style=&#8221;wave&#8221; background_mask_color=&#8221;rgba(0,0,0,0.08)&#8221; custom_padding=&#8221;||6px|||&#8221; locked=&#8221;off&#8221; global_colors_info=&#8221;{}&#8221;][et_pb_column type=&#8221;1_3&#8243; _builder_version=&#8221;4.19.5&#8243; _module_preset=&#8221;default&#8221; global_colors_info=&#8221;{}&#8221;][\/et_pb_column][et_pb_column type=&#8221;1_3&#8243; _builder_version=&#8221;4.19.5&#8243; _module_preset=&#8221;default&#8221; global_colors_info=&#8221;{}&#8221;][\/et_pb_column][et_pb_column type=&#8221;1_3&#8243; _builder_version=&#8221;4.19.5&#8243; _module_preset=&#8221;default&#8221; global_colors_info=&#8221;{}&#8221;][et_pb_circle_counter title=&#8221;Estimated reading time (in minutes)&#8221; number=&#8221;2&#8243; percent_sign=&#8221;off&#8221; _builder_version=&#8221;4.20.2&#8243; _module_preset=&#8221;default&#8221; title_font=&#8221;Amiri||||||||&#8221; max_width=&#8221;137px&#8221; global_colors_info=&#8221;{}&#8221;][\/et_pb_circle_counter][\/et_pb_column][\/et_pb_row][et_pb_row _builder_version=&#8221;4.19.5&#8243; _module_preset=&#8221;default&#8221; custom_margin=&#8221;||0px||false|false&#8221; custom_padding=&#8221;||0px||false|false&#8221; global_colors_info=&#8221;{}&#8221;][et_pb_column type=&#8221;4_4&#8243; _builder_version=&#8221;4.19.5&#8243; _module_preset=&#8221;default&#8221; global_colors_info=&#8221;{}&#8221;][et_pb_divider _builder_version=&#8221;4.19.5&#8243; _module_preset=&#8221;default&#8221; global_colors_info=&#8221;{}&#8221;][\/et_pb_divider][\/et_pb_column][\/et_pb_row][et_pb_row admin_label=&#8221;row&#8221; _builder_version=&#8221;4.16&#8243; background_size=&#8221;initial&#8221; background_position=&#8221;top_left&#8221; background_repeat=&#8221;repeat&#8221; global_colors_info=&#8221;{}&#8221;][et_pb_column type=&#8221;4_4&#8243; _builder_version=&#8221;4.16&#8243; custom_padding=&#8221;|||&#8221; global_colors_info=&#8221;{}&#8221; custom_padding__hover=&#8221;|||&#8221;][et_pb_image src=&#8221;https:\/\/gregorydamy.niceavocats.fr\/wp-content\/uploads\/2023\/07\/calculator-1044173_1280-2.jpg&#8221; title_text=&#8221;calculator-1044173_1280-2&#8243; _builder_version=&#8221;4.21.0&#8243; _module_preset=&#8221;default&#8221; hover_enabled=&#8221;0&#8243; global_colors_info=&#8221;{}&#8221; sticky_enabled=&#8221;0&#8243;][\/et_pb_image][et_pb_text admin_label=&#8221;Text&#8221; _builder_version=&#8221;4.21.0&#8243; text_font=&#8221;Amiri||||||||&#8221; header_2_font=&#8221;Amiri||||||||&#8221; header_3_font=&#8221;Amiri||||||||&#8221; background_size=&#8221;initial&#8221; background_position=&#8221;top_left&#8221; background_repeat=&#8221;repeat&#8221; hover_enabled=&#8221;0&#8243; global_colors_info=&#8221;{}&#8221; sticky_enabled=&#8221;0&#8243;]<\/p>\n<div class=\"entry-content\">\n<p><span>The general social contribution (CSG), referred to in Article L. 136-1 of the Social Security Code, was instituted by the finance law of 29 December 1990.<\/span><br \/><span>The\u00a0<\/span><a href=\"https:\/\/www.economie.gouv.fr\/particuliers\/contribution-sociale-generalisee-csg\"><span>CSG<\/span><\/a><span>\u00a0is based in particular on income from work and replacement.\u00a0Persons domiciled in France for the establishment of income tax and who come under a compulsory French health insurance scheme are subject to the CSG.\u00a0The proceeds from the CSG are allocated to the National Family Allowance Fund, the Old Age Solidarity Fund, the National Solidarity Fund for Autonomy and the compulsory health insurance schemes.<\/span><br \/><span>The determination of the legal nature of this contribution has already given rise to several decisions.\u00a0The Constitutional Council ruled that this contribution was in the nature of a tax levy falling within the category of \u201ctaxation of any kind\u201d.<\/span><br \/><span>The Court of Cassation, for its part, lays down the principle of the dual nature of the generalized social contribution which constitutes a tax within the meaning of French legislation and a social contribution within the meaning of Community legislation.\u00a0The Court of Cassation thus clarifies the position adopted since 2000. It thus combines the French conception and the Community conception.\u00a0The legal nature of social security contributions is therefore clearly limited to the implementation of Community law.<\/span><\/p>\n<p>&nbsp;<\/p>\n<h2><span>2022 Update:<\/span><\/h2>\n<p><span>The debate relating to the legal qualification of the general social contribution \u2013 \u201cCSG\u201d \u2013 and the contribution for the reimbursement of the social debt \u2013 \u201cCRDS\u201d \u2013 has found a logical continuation.<\/span><\/p>\n<p>&nbsp;<\/p>\n<p><span>In the continuity of the decisions of February 15, 2000, the CJEU, on February 26, 2015, ruled that France could not subject to social security contributions, income from assets and investment income received by natural persons whose tax residence is located in France subject on a compulsory basis to a social security scheme in another Member State.<\/span><\/p>\n<p>&nbsp;<\/p>\n<p><span>The new decision of the CJEU, in addition to tax residents of France exercising a salaried activity in another EU Member State who are subject on a mandatory basis to the social security system in the State of their place of activity, also concerns salaried employees residents of France exercising their activity in a Member State of the EEA and in Switzerland.\u00a0Moreover, this solution should be transposable in the event of affiliation to a social security system of a country that has concluded an association or cooperation agreement with the EU.<\/span><\/p>\n<p>&nbsp;<\/p>\n<p><span>To date, the CJEU does not adopt the same reasoning as the Constitutional Council which has long considered that the CSG and the CRDS fall into the category of &#8220;taxation of all kinds&#8221; referred to in Article 34 of the Constitution. .<\/span><\/p>\n<p>&nbsp;<\/p>\n<p><span>Indeed, the CJEU focuses more on the final destination of the two contributions, even if they do not give rise to the right to social benefits, and adds, moreover, that the fact that these contributions are qualified, in France, as levies benefits has no impact on the nature of the deduction under the European regulation.<\/span><\/p>\n<p>&nbsp;<\/p>\n<p><span>The French Government has taken note of the judgment of February 26 but has indicated that it wishes to wait for the final decision of the Council of State before making changes to its legislation and in particular to Law 2012-9588, Article 29 of which extended social security contributions to income and property gains from French sources made by non-residents of France for tax purposes.<\/span><\/p>\n<p>&nbsp;<\/p>\n<p><span>Pending the reaction of the French Government, taxpayers resident in France for tax purposes who are subject on a mandatory basis to another social security system (Member State of the EU, the EEA or Switzerland), have the possibility of filing a complaint prior to a legal appeal to their tax office in order to request the reimbursement of the social contributions levied by the French State on their income from assets and their investment income.<\/span><\/p>\n<p>&nbsp;<\/p>\n<p><span>For tax residents of France, this income includes, in particular, land income, life annuities for consideration, income from movable capital (fixed-income investment products, dividends and similar products), capital gains and real estate, income subject to income tax in the category of industrial and commercial profits, non-commercial profits and agricultural profits which are not subject to social security contributions in respect of professional income and investment products subject to a deduction in full discharge (Treasury bills, bonds, etc.).<\/span><\/p>\n<p>&nbsp;<\/p>\n<p><span>With regard to non-residents of France for tax purposes, it should be noted that in 2013 the European Commission opened two infringement procedures against France relating to the CSG and the CRDS levied on property income and on real estate capital gains from French sources. by natural persons, domiciled outside France for tax purposes and dependent either on the social security system of another Member State, or on the Caisse des Fran\u00e7ais system abroad.\u00a0In addition, the recent CJEU decision should also apply to income from assets and investment income received by non-residents of France for tax purposes.\u00a0The income concerned is property income and real estate capital gains from French sources.<\/span><\/p>\n<p>&nbsp;<\/p>\n<p><span>Therefore, non-residents of France for tax purposes, pending the corrective measures that will have to be taken by the French Government to article 29 of law 2012-958, also have the possibility of lodging a complaint prior to a legal action. in order to request the reimbursement of social security contributions paid on their income or real estate gains from French sources as soon as they are affiliated to a foreign social security system of a Member State of the EU, the EEA or Switzerland .<\/span><\/p>\n<p><span>Nice lawyer,\u00a0<\/span><a href=\"https:\/\/gregorydamy.niceavocats.fr\/\"><span>Gr\u00e9gory Damy<\/span><\/a><span>\u00a0, Tax law, update 2022<\/span><\/p>\n<\/div>\n<p>[\/et_pb_text][\/et_pb_column][\/et_pb_row][et_pb_row _builder_version=&#8221;4.19.5&#8243; _module_preset=&#8221;default&#8221; custom_margin=&#8221;||0px||false|false&#8221; custom_padding=&#8221;||0px||false|false&#8221; global_colors_info=&#8221;{}&#8221;][et_pb_column type=&#8221;4_4&#8243; _builder_version=&#8221;4.19.5&#8243; _module_preset=&#8221;default&#8221; global_colors_info=&#8221;{}&#8221;][et_pb_divider _builder_version=&#8221;4.19.5&#8243; _module_preset=&#8221;default&#8221; global_colors_info=&#8221;{}&#8221;][\/et_pb_divider][\/et_pb_column][\/et_pb_row][\/et_pb_section]<\/p>\n","protected":false},"excerpt":{"rendered":"<p>The general social contribution (CSG), referred to in Article L. 136-1 of the Social Security Code, was instituted by the finance law of 29 December 1990.The\u00a0CSG\u00a0is based in particular on income from work and replacement.\u00a0Persons domiciled in France for the establishment of income tax and who come under a compulsory French health insurance scheme are [&hellip;]<\/p>\n","protected":false},"author":2,"featured_media":0,"comment_status":"open","ping_status":"open","sticky":false,"template":"","format":"standard","meta":{"_et_pb_use_builder":"on","_et_pb_old_content":"","_et_gb_content_width":"","footnotes":""},"categories":[288],"tags":[],"class_list":["post-3804","post","type-post","status-publish","format-standard","hentry","category-other"],"yoast_head":"<!-- This site is optimized with the Yoast SEO plugin v26.8 - https:\/\/yoast.com\/product\/yoast-seo-wordpress\/ -->\n<title>Legal nature of the general social contribution - Soci\u00e9t\u00e9 d&#039;avocats Damy<\/title>\n<meta name=\"description\" content=\"General Social Contribution Therefore, non-residents of France for tax purposes, pending the corrective measures that will have to be taken\" \/>\n<meta name=\"robots\" content=\"index, follow, max-snippet:-1, max-image-preview:large, max-video-preview:-1\" \/>\n<link rel=\"canonical\" href=\"https:\/\/gregorydamy.niceavocats.fr\/en\/general-social-contribution\/\" \/>\n<meta property=\"og:locale\" content=\"en_US\" \/>\n<meta property=\"og:type\" content=\"article\" \/>\n<meta property=\"og:title\" content=\"Legal nature of the general social contribution - Soci\u00e9t\u00e9 d&#039;avocats Damy\" \/>\n<meta property=\"og:description\" content=\"General Social Contribution Therefore, non-residents of France for tax purposes, pending the corrective measures that will have to be taken\" \/>\n<meta property=\"og:url\" content=\"https:\/\/gregorydamy.niceavocats.fr\/en\/general-social-contribution\/\" \/>\n<meta property=\"og:site_name\" content=\"Soci\u00e9t\u00e9 d&#039;avocats Damy\" \/>\n<meta property=\"article:publisher\" content=\"https:\/\/www.facebook.com\/niceavocats.fr\/\" \/>\n<meta property=\"article:published_time\" content=\"2012-07-27T08:24:39+00:00\" \/>\n<meta property=\"article:modified_time\" content=\"2023-08-09T08:00:00+00:00\" \/>\n<meta name=\"author\" content=\"Kevin\" \/>\n<meta name=\"twitter:card\" content=\"summary_large_image\" \/>\n<meta name=\"twitter:label1\" content=\"Written by\" \/>\n\t<meta name=\"twitter:data1\" content=\"Kevin\" \/>\n\t<meta name=\"twitter:label2\" content=\"Est. reading time\" \/>\n\t<meta name=\"twitter:data2\" content=\"6 minutes\" \/>\n<script type=\"application\/ld+json\" class=\"yoast-schema-graph\">{\"@context\":\"https:\/\/schema.org\",\"@graph\":[{\"@type\":\"Article\",\"@id\":\"https:\/\/gregorydamy.niceavocats.fr\/en\/general-social-contribution\/#article\",\"isPartOf\":{\"@id\":\"https:\/\/gregorydamy.niceavocats.fr\/en\/general-social-contribution\/\"},\"author\":{\"name\":\"Kevin\",\"@id\":\"https:\/\/gregorydamy.niceavocats.fr\/en\/#\/schema\/person\/e040acb2856efaa1e114d0e7a92a3870\"},\"headline\":\"Legal nature of the general social contribution\",\"datePublished\":\"2012-07-27T08:24:39+00:00\",\"dateModified\":\"2023-08-09T08:00:00+00:00\",\"mainEntityOfPage\":{\"@id\":\"https:\/\/gregorydamy.niceavocats.fr\/en\/general-social-contribution\/\"},\"wordCount\":1268,\"commentCount\":0,\"publisher\":{\"@id\":\"https:\/\/gregorydamy.niceavocats.fr\/en\/#organization\"},\"articleSection\":[\"Other\"],\"inLanguage\":\"en-US\",\"potentialAction\":[{\"@type\":\"CommentAction\",\"name\":\"Comment\",\"target\":[\"https:\/\/gregorydamy.niceavocats.fr\/en\/general-social-contribution\/#respond\"]}]},{\"@type\":\"WebPage\",\"@id\":\"https:\/\/gregorydamy.niceavocats.fr\/en\/general-social-contribution\/\",\"url\":\"https:\/\/gregorydamy.niceavocats.fr\/en\/general-social-contribution\/\",\"name\":\"Legal nature of the general social contribution - Soci\u00e9t\u00e9 d&#039;avocats Damy\",\"isPartOf\":{\"@id\":\"https:\/\/gregorydamy.niceavocats.fr\/en\/#website\"},\"datePublished\":\"2012-07-27T08:24:39+00:00\",\"dateModified\":\"2023-08-09T08:00:00+00:00\",\"description\":\"General Social Contribution Therefore, non-residents of France for tax purposes, pending the corrective measures that will have to be taken\",\"breadcrumb\":{\"@id\":\"https:\/\/gregorydamy.niceavocats.fr\/en\/general-social-contribution\/#breadcrumb\"},\"inLanguage\":\"en-US\",\"potentialAction\":[{\"@type\":\"ReadAction\",\"target\":[\"https:\/\/gregorydamy.niceavocats.fr\/en\/general-social-contribution\/\"]}]},{\"@type\":\"BreadcrumbList\",\"@id\":\"https:\/\/gregorydamy.niceavocats.fr\/en\/general-social-contribution\/#breadcrumb\",\"itemListElement\":[{\"@type\":\"ListItem\",\"position\":1,\"name\":\"Accueil\",\"item\":\"https:\/\/gregorydamy.niceavocats.fr\/en\/\"},{\"@type\":\"ListItem\",\"position\":2,\"name\":\"Legal nature of the general social contribution\"}]},{\"@type\":\"WebSite\",\"@id\":\"https:\/\/gregorydamy.niceavocats.fr\/en\/#website\",\"url\":\"https:\/\/gregorydamy.niceavocats.fr\/en\/\",\"name\":\"Soci\u00e9t\u00e9 d&#039;avocats Damy\",\"description\":\"Justice - Confiance - Efficacit\u00e9\",\"publisher\":{\"@id\":\"https:\/\/gregorydamy.niceavocats.fr\/en\/#organization\"},\"potentialAction\":[{\"@type\":\"SearchAction\",\"target\":{\"@type\":\"EntryPoint\",\"urlTemplate\":\"https:\/\/gregorydamy.niceavocats.fr\/en\/?s={search_term_string}\"},\"query-input\":{\"@type\":\"PropertyValueSpecification\",\"valueRequired\":true,\"valueName\":\"search_term_string\"}}],\"inLanguage\":\"en-US\"},{\"@type\":\"Organization\",\"@id\":\"https:\/\/gregorydamy.niceavocats.fr\/en\/#organization\",\"name\":\"Soci\u00e9t\u00e9 d'Avocats DAMY\",\"alternateName\":\"Gr\u00e9gory DAMY\",\"url\":\"https:\/\/gregorydamy.niceavocats.fr\/en\/\",\"logo\":{\"@type\":\"ImageObject\",\"inLanguage\":\"en-US\",\"@id\":\"https:\/\/gregorydamy.niceavocats.fr\/en\/#\/schema\/logo\/image\/\",\"url\":\"https:\/\/gregorydamy.niceavocats.fr\/wp-content\/uploads\/2023\/04\/damylogo-1.png\",\"contentUrl\":\"https:\/\/gregorydamy.niceavocats.fr\/wp-content\/uploads\/2023\/04\/damylogo-1.png\",\"width\":1890,\"height\":1417,\"caption\":\"Soci\u00e9t\u00e9 d'Avocats DAMY\"},\"image\":{\"@id\":\"https:\/\/gregorydamy.niceavocats.fr\/en\/#\/schema\/logo\/image\/\"},\"sameAs\":[\"https:\/\/www.facebook.com\/niceavocats.fr\/\"]},{\"@type\":\"Person\",\"@id\":\"https:\/\/gregorydamy.niceavocats.fr\/en\/#\/schema\/person\/e040acb2856efaa1e114d0e7a92a3870\",\"name\":\"Kevin\",\"url\":\"https:\/\/gregorydamy.niceavocats.fr\/en\/author\/kevin\/\"}]}<\/script>\n<!-- \/ Yoast SEO plugin. -->","yoast_head_json":{"title":"Legal nature of the general social contribution - Soci\u00e9t\u00e9 d&#039;avocats Damy","description":"General Social Contribution Therefore, non-residents of France for tax purposes, pending the corrective measures that will have to be taken","robots":{"index":"index","follow":"follow","max-snippet":"max-snippet:-1","max-image-preview":"max-image-preview:large","max-video-preview":"max-video-preview:-1"},"canonical":"https:\/\/gregorydamy.niceavocats.fr\/en\/general-social-contribution\/","og_locale":"en_US","og_type":"article","og_title":"Legal nature of the general social contribution - Soci\u00e9t\u00e9 d&#039;avocats Damy","og_description":"General Social Contribution Therefore, non-residents of France for tax purposes, pending the corrective measures that will have to be taken","og_url":"https:\/\/gregorydamy.niceavocats.fr\/en\/general-social-contribution\/","og_site_name":"Soci\u00e9t\u00e9 d&#039;avocats Damy","article_publisher":"https:\/\/www.facebook.com\/niceavocats.fr\/","article_published_time":"2012-07-27T08:24:39+00:00","article_modified_time":"2023-08-09T08:00:00+00:00","author":"Kevin","twitter_card":"summary_large_image","twitter_misc":{"Written by":"Kevin","Est. reading time":"6 minutes"},"schema":{"@context":"https:\/\/schema.org","@graph":[{"@type":"Article","@id":"https:\/\/gregorydamy.niceavocats.fr\/en\/general-social-contribution\/#article","isPartOf":{"@id":"https:\/\/gregorydamy.niceavocats.fr\/en\/general-social-contribution\/"},"author":{"name":"Kevin","@id":"https:\/\/gregorydamy.niceavocats.fr\/en\/#\/schema\/person\/e040acb2856efaa1e114d0e7a92a3870"},"headline":"Legal nature of the general social contribution","datePublished":"2012-07-27T08:24:39+00:00","dateModified":"2023-08-09T08:00:00+00:00","mainEntityOfPage":{"@id":"https:\/\/gregorydamy.niceavocats.fr\/en\/general-social-contribution\/"},"wordCount":1268,"commentCount":0,"publisher":{"@id":"https:\/\/gregorydamy.niceavocats.fr\/en\/#organization"},"articleSection":["Other"],"inLanguage":"en-US","potentialAction":[{"@type":"CommentAction","name":"Comment","target":["https:\/\/gregorydamy.niceavocats.fr\/en\/general-social-contribution\/#respond"]}]},{"@type":"WebPage","@id":"https:\/\/gregorydamy.niceavocats.fr\/en\/general-social-contribution\/","url":"https:\/\/gregorydamy.niceavocats.fr\/en\/general-social-contribution\/","name":"Legal nature of the general social contribution - Soci\u00e9t\u00e9 d&#039;avocats Damy","isPartOf":{"@id":"https:\/\/gregorydamy.niceavocats.fr\/en\/#website"},"datePublished":"2012-07-27T08:24:39+00:00","dateModified":"2023-08-09T08:00:00+00:00","description":"General Social Contribution Therefore, non-residents of France for tax purposes, pending the corrective measures that will have to be taken","breadcrumb":{"@id":"https:\/\/gregorydamy.niceavocats.fr\/en\/general-social-contribution\/#breadcrumb"},"inLanguage":"en-US","potentialAction":[{"@type":"ReadAction","target":["https:\/\/gregorydamy.niceavocats.fr\/en\/general-social-contribution\/"]}]},{"@type":"BreadcrumbList","@id":"https:\/\/gregorydamy.niceavocats.fr\/en\/general-social-contribution\/#breadcrumb","itemListElement":[{"@type":"ListItem","position":1,"name":"Accueil","item":"https:\/\/gregorydamy.niceavocats.fr\/en\/"},{"@type":"ListItem","position":2,"name":"Legal nature of the general social contribution"}]},{"@type":"WebSite","@id":"https:\/\/gregorydamy.niceavocats.fr\/en\/#website","url":"https:\/\/gregorydamy.niceavocats.fr\/en\/","name":"Soci\u00e9t\u00e9 d&#039;avocats Damy","description":"Justice - Confiance - Efficacit\u00e9","publisher":{"@id":"https:\/\/gregorydamy.niceavocats.fr\/en\/#organization"},"potentialAction":[{"@type":"SearchAction","target":{"@type":"EntryPoint","urlTemplate":"https:\/\/gregorydamy.niceavocats.fr\/en\/?s={search_term_string}"},"query-input":{"@type":"PropertyValueSpecification","valueRequired":true,"valueName":"search_term_string"}}],"inLanguage":"en-US"},{"@type":"Organization","@id":"https:\/\/gregorydamy.niceavocats.fr\/en\/#organization","name":"Soci\u00e9t\u00e9 d'Avocats DAMY","alternateName":"Gr\u00e9gory DAMY","url":"https:\/\/gregorydamy.niceavocats.fr\/en\/","logo":{"@type":"ImageObject","inLanguage":"en-US","@id":"https:\/\/gregorydamy.niceavocats.fr\/en\/#\/schema\/logo\/image\/","url":"https:\/\/gregorydamy.niceavocats.fr\/wp-content\/uploads\/2023\/04\/damylogo-1.png","contentUrl":"https:\/\/gregorydamy.niceavocats.fr\/wp-content\/uploads\/2023\/04\/damylogo-1.png","width":1890,"height":1417,"caption":"Soci\u00e9t\u00e9 d'Avocats DAMY"},"image":{"@id":"https:\/\/gregorydamy.niceavocats.fr\/en\/#\/schema\/logo\/image\/"},"sameAs":["https:\/\/www.facebook.com\/niceavocats.fr\/"]},{"@type":"Person","@id":"https:\/\/gregorydamy.niceavocats.fr\/en\/#\/schema\/person\/e040acb2856efaa1e114d0e7a92a3870","name":"Kevin","url":"https:\/\/gregorydamy.niceavocats.fr\/en\/author\/kevin\/"}]}},"_links":{"self":[{"href":"https:\/\/gregorydamy.niceavocats.fr\/en\/wp-json\/wp\/v2\/posts\/3804","targetHints":{"allow":["GET"]}}],"collection":[{"href":"https:\/\/gregorydamy.niceavocats.fr\/en\/wp-json\/wp\/v2\/posts"}],"about":[{"href":"https:\/\/gregorydamy.niceavocats.fr\/en\/wp-json\/wp\/v2\/types\/post"}],"author":[{"embeddable":true,"href":"https:\/\/gregorydamy.niceavocats.fr\/en\/wp-json\/wp\/v2\/users\/2"}],"replies":[{"embeddable":true,"href":"https:\/\/gregorydamy.niceavocats.fr\/en\/wp-json\/wp\/v2\/comments?post=3804"}],"version-history":[{"count":0,"href":"https:\/\/gregorydamy.niceavocats.fr\/en\/wp-json\/wp\/v2\/posts\/3804\/revisions"}],"wp:attachment":[{"href":"https:\/\/gregorydamy.niceavocats.fr\/en\/wp-json\/wp\/v2\/media?parent=3804"}],"wp:term":[{"taxonomy":"category","embeddable":true,"href":"https:\/\/gregorydamy.niceavocats.fr\/en\/wp-json\/wp\/v2\/categories?post=3804"},{"taxonomy":"post_tag","embeddable":true,"href":"https:\/\/gregorydamy.niceavocats.fr\/en\/wp-json\/wp\/v2\/tags?post=3804"}],"curies":[{"name":"wp","href":"https:\/\/api.w.org\/{rel}","templated":true}]}}