{"id":3786,"date":"2012-07-27T09:14:35","date_gmt":"2012-07-27T09:14:35","guid":{"rendered":"https:\/\/gregorydamy.niceavocats.fr\/?p=3786"},"modified":"2023-08-29T05:46:02","modified_gmt":"2023-08-29T05:46:02","slug":"recognition-of-the-severity-of-the-disability-impact-and-compensation","status":"publish","type":"post","link":"https:\/\/gregorydamy.niceavocats.fr\/en\/recognition-of-the-severity-of-the-disability-impact-and-compensation\/","title":{"rendered":"Recognition of the severity of the disability: impact and compensation"},"content":{"rendered":"<p>[et_pb_section fb_built=&#8221;1&#8243; admin_label=&#8221;section&#8221; _builder_version=&#8221;4.19.5&#8243; custom_margin=&#8221;||0px||false|false&#8221; custom_padding=&#8221;||0px||false|false&#8221; locked=&#8221;off&#8221; global_colors_info=&#8221;{}&#8221;][et_pb_row column_structure=&#8221;1_3,1_3,1_3&#8243; _builder_version=&#8221;4.19.5&#8243; _module_preset=&#8221;default&#8221; background_enable_mask_style=&#8221;on&#8221; background_mask_style=&#8221;wave&#8221; background_mask_color=&#8221;rgba(0,0,0,0.08)&#8221; custom_padding=&#8221;||6px|||&#8221; locked=&#8221;off&#8221; global_colors_info=&#8221;{}&#8221;][et_pb_column type=&#8221;1_3&#8243; _builder_version=&#8221;4.19.5&#8243; _module_preset=&#8221;default&#8221; global_colors_info=&#8221;{}&#8221;][\/et_pb_column][et_pb_column type=&#8221;1_3&#8243; _builder_version=&#8221;4.19.5&#8243; _module_preset=&#8221;default&#8221; global_colors_info=&#8221;{}&#8221;][\/et_pb_column][et_pb_column type=&#8221;1_3&#8243; _builder_version=&#8221;4.19.5&#8243; _module_preset=&#8221;default&#8221; global_colors_info=&#8221;{}&#8221;][et_pb_circle_counter title=&#8221; Estimated reading time (in minutes)&#8221; number=&#8221;2&#8243; percent_sign=&#8221;off&#8221; _builder_version=&#8221;4.19.5&#8243; _module_preset=&#8221;default&#8221; title_font=&#8221;Amiri||||||||&#8221; max_width=&#8221;137px&#8221; global_colors_info=&#8221;{}&#8221;][\/et_pb_circle_counter][\/et_pb_column][\/et_pb_row][et_pb_row _builder_version=&#8221;4.19.5&#8243; _module_preset=&#8221;default&#8221; custom_margin=&#8221;||0px||false|false&#8221; custom_padding=&#8221;||0px||false|false&#8221; global_colors_info=&#8221;{}&#8221;][et_pb_column type=&#8221;4_4&#8243; _builder_version=&#8221;4.19.5&#8243; _module_preset=&#8221;default&#8221; global_colors_info=&#8221;{}&#8221;][et_pb_divider _builder_version=&#8221;4.19.5&#8243; _module_preset=&#8221;default&#8221; global_colors_info=&#8221;{}&#8221;][\/et_pb_divider][\/et_pb_column][\/et_pb_row][et_pb_row admin_label=&#8221;row&#8221; _builder_version=&#8221;4.16&#8243; background_size=&#8221;initial&#8221; background_position=&#8221;top_left&#8221; background_repeat=&#8221;repeat&#8221; global_colors_info=&#8221;{}&#8221;][et_pb_column type=&#8221;4_4&#8243; _builder_version=&#8221;4.16&#8243; custom_padding=&#8221;|||&#8221; global_colors_info=&#8221;{}&#8221; custom_padding__hover=&#8221;|||&#8221;][et_pb_image src=&#8221;https:\/\/gregorydamy.niceavocats.fr\/wp-content\/uploads\/2023\/08\/wheelchair-749985_1280-2.jpg&#8221; title_text=&#8221;wheelchair-749985_1280-2&#8243; _builder_version=&#8221;4.21.0&#8243; _module_preset=&#8221;default&#8221; hover_enabled=&#8221;0&#8243; global_colors_info=&#8221;{}&#8221; sticky_enabled=&#8221;0&#8243;][\/et_pb_image][et_pb_text admin_label=&#8221;Text&#8221; _builder_version=&#8221;4.21.0&#8243; text_font=&#8221;Amiri||||||||&#8221; header_2_font=&#8221;Amiri||||||||&#8221; header_3_font=&#8221;Amiri||||||||&#8221; background_size=&#8221;initial&#8221; background_position=&#8221;top_left&#8221; background_repeat=&#8221;repeat&#8221; hover_enabled=&#8221;0&#8243; global_colors_info=&#8221;{}&#8221; sticky_enabled=&#8221;0&#8243;]<\/p>\n<div class=\"entry-content\">\n<h2><a href=\"https:\/\/gregorydamy.niceavocats.fr\/\"><span>Recognition<\/span><\/a><span>\u00a0of the severity of the disability: impact and compensation<\/span><\/h2>\n<p><span>The procedure for recognizing the seriousness of the\u00a0\u00a0<\/span><a href=\"https:\/\/www.service-public.fr\/particuliers\/vosdroits\/N31700\"><span>disability<\/span><\/a><span>\u00a0\u00a0was transferred to the Association for the management of the professional integration fund for people with disabilities by the finance law for 2011. This procedure aims to assess the extent to which a disability affects the ability to individual&#8217;s work.\u00a0after an optimal adaptation of their workstation.<\/span><\/p>\n<h2><span>Remuneration for the employer&#8217;s efforts: reduction of contributions<\/span><\/h2>\n<p><span>Recognition of the seriousness of a disability makes it possible to compensate for the employer&#8217;s efforts to adapt the workstation.\u00a0This compensation takes the form of a reduction in the contribution due under the\u00a0 employment\u00a0<\/span><span>obligation\u00a0<\/span><span>\u00a0or employment assistance.<\/span><\/p>\n<p><span>Decree No. 2012-896: Rationalization of the process<\/span><\/p>\n<p><span>In order to streamline the process, decree no. 2012-896 was promulgated on July 19, 2012. This decree makes significant adjustments to the recognition procedure.\u00a0<\/span><span class=\"\"><span>In addition, the text specifies the required documents that must accompany the application in order to ensure an accurate assessment of disability-related expenses.\u00a0<\/span><\/span><span>These expenses go beyond the cost of adapting the beneficiary&#8217;s workstation or environment.<\/span><\/p>\n<p><span>Facilitate recognition and evaluation<\/span><\/p>\n<p><span>The transfer of the recognition procedure to the Association for the management of the professional integration fund for people with disabilities aims to streamline the process and increase its efficiency.\u00a0By centralizing the procedure, it becomes more accessible and efficient for people seeking recognition of the seriousness of their disability.<\/span><\/p>\n<p><span>In addition, the publication of Decree No. 2012-896 plays a crucial role in refining the process by setting out the documents necessary for a complete assessment of disability-related expenses.\u00a0This ensures that the impact of the disability on the individual&#8217;s work capacity is accurately assessed, taking into account not only the costs of adapting the workstation, but also other relevant expenses.<\/span><\/p>\n<p><span>Promote inclusion and support<\/span><\/p>\n<p><span>Recognition of the seriousness of the disability and compensation for the efforts of the employer who accompanies it contribute to promoting inclusion and supporting people with disabilities in their professional endeavors.\u00a0By recognizing the impact of disabilities and providing the necessary assistance, the process aims to create a more inclusive work environment, enabling individuals to maximize their potential.<\/span><\/p>\n<p><span class=\"\"><span>In conclusion, the transfer of the procedure for recognizing the seriousness of the disability to the Association for the management of the fund for the professional integration of disabled people, accompanied by the implementation of decree no. 2012-896, strengthens the process of evaluation and compensation of the handicap.\u00a0gravity.\u00a0<\/span><\/span><span>These measures help to promote inclusiveness, support people with disabilities and ensure appropriate accommodations in the workplace.<\/span><\/p>\n<\/div>\n<p>[\/et_pb_text][\/et_pb_column][\/et_pb_row][et_pb_row _builder_version=&#8221;4.19.5&#8243; _module_preset=&#8221;default&#8221; custom_margin=&#8221;||0px||false|false&#8221; custom_padding=&#8221;||0px||false|false&#8221; global_colors_info=&#8221;{}&#8221;][et_pb_column type=&#8221;4_4&#8243; _builder_version=&#8221;4.19.5&#8243; _module_preset=&#8221;default&#8221; global_colors_info=&#8221;{}&#8221;][et_pb_divider _builder_version=&#8221;4.19.5&#8243; _module_preset=&#8221;default&#8221; global_colors_info=&#8221;{}&#8221;][\/et_pb_divider][\/et_pb_column][\/et_pb_row][\/et_pb_section]<\/p>\n","protected":false},"excerpt":{"rendered":"<p>Recognition\u00a0of the severity of the disability: impact and compensation The procedure for recognizing the seriousness of the\u00a0\u00a0disability\u00a0\u00a0was transferred to the Association for the management of the professional integration fund for people with disabilities by the finance law for 2011. This procedure aims to assess the extent to which a disability affects the ability to individual&#8217;s [&hellip;]<\/p>\n","protected":false},"author":2,"featured_media":0,"comment_status":"open","ping_status":"open","sticky":false,"template":"","format":"standard","meta":{"_et_pb_use_builder":"on","_et_pb_old_content":"","_et_gb_content_width":"","footnotes":""},"categories":[306],"tags":[],"class_list":["post-3786","post","type-post","status-publish","format-standard","hentry","category-personal-injury-law"],"yoast_head":"<!-- This site is optimized with the Yoast SEO plugin v26.8 - https:\/\/yoast.com\/product\/yoast-seo-wordpress\/ -->\n<title>Recognition of the severity of the disability: impact and compensation - Soci\u00e9t\u00e9 d&#039;avocats Damy<\/title>\n<meta name=\"description\" content=\"Recognition of the severity of the disability: impact and compensation In conclusion, the transfer of the disability severity recognition\" \/>\n<meta name=\"robots\" content=\"index, follow, max-snippet:-1, max-image-preview:large, max-video-preview:-1\" \/>\n<link rel=\"canonical\" href=\"https:\/\/gregorydamy.niceavocats.fr\/en\/recognition-of-the-severity-of-the-disability-impact-and-compensation\/\" \/>\n<meta property=\"og:locale\" content=\"en_US\" \/>\n<meta property=\"og:type\" content=\"article\" \/>\n<meta property=\"og:title\" content=\"Recognition of the severity of the disability: impact and compensation - Soci\u00e9t\u00e9 d&#039;avocats Damy\" \/>\n<meta property=\"og:description\" content=\"Recognition of the severity of the disability: impact and compensation In conclusion, the transfer of the disability severity recognition\" \/>\n<meta property=\"og:url\" content=\"https:\/\/gregorydamy.niceavocats.fr\/en\/recognition-of-the-severity-of-the-disability-impact-and-compensation\/\" \/>\n<meta property=\"og:site_name\" content=\"Soci\u00e9t\u00e9 d&#039;avocats Damy\" \/>\n<meta property=\"article:publisher\" content=\"https:\/\/www.facebook.com\/niceavocats.fr\/\" \/>\n<meta property=\"article:published_time\" content=\"2012-07-27T09:14:35+00:00\" \/>\n<meta property=\"article:modified_time\" content=\"2023-08-29T05:46:02+00:00\" \/>\n<meta name=\"author\" content=\"Kevin\" \/>\n<meta name=\"twitter:card\" content=\"summary_large_image\" \/>\n<meta name=\"twitter:label1\" content=\"Written by\" \/>\n\t<meta name=\"twitter:data1\" content=\"Kevin\" \/>\n\t<meta name=\"twitter:label2\" content=\"Est. reading time\" \/>\n\t<meta name=\"twitter:data2\" content=\"3 minutes\" \/>\n<script type=\"application\/ld+json\" class=\"yoast-schema-graph\">{\"@context\":\"https:\/\/schema.org\",\"@graph\":[{\"@type\":\"Article\",\"@id\":\"https:\/\/gregorydamy.niceavocats.fr\/en\/recognition-of-the-severity-of-the-disability-impact-and-compensation\/#article\",\"isPartOf\":{\"@id\":\"https:\/\/gregorydamy.niceavocats.fr\/en\/recognition-of-the-severity-of-the-disability-impact-and-compensation\/\"},\"author\":{\"name\":\"Kevin\",\"@id\":\"https:\/\/gregorydamy.niceavocats.fr\/en\/#\/schema\/person\/e040acb2856efaa1e114d0e7a92a3870\"},\"headline\":\"Recognition of the severity of the disability: impact and compensation\",\"datePublished\":\"2012-07-27T09:14:35+00:00\",\"dateModified\":\"2023-08-29T05:46:02+00:00\",\"mainEntityOfPage\":{\"@id\":\"https:\/\/gregorydamy.niceavocats.fr\/en\/recognition-of-the-severity-of-the-disability-impact-and-compensation\/\"},\"wordCount\":790,\"commentCount\":0,\"publisher\":{\"@id\":\"https:\/\/gregorydamy.niceavocats.fr\/en\/#organization\"},\"articleSection\":[\"Personal injury law\"],\"inLanguage\":\"en-US\",\"potentialAction\":[{\"@type\":\"CommentAction\",\"name\":\"Comment\",\"target\":[\"https:\/\/gregorydamy.niceavocats.fr\/en\/recognition-of-the-severity-of-the-disability-impact-and-compensation\/#respond\"]}]},{\"@type\":\"WebPage\",\"@id\":\"https:\/\/gregorydamy.niceavocats.fr\/en\/recognition-of-the-severity-of-the-disability-impact-and-compensation\/\",\"url\":\"https:\/\/gregorydamy.niceavocats.fr\/en\/recognition-of-the-severity-of-the-disability-impact-and-compensation\/\",\"name\":\"Recognition of the severity of the disability: impact and compensation - Soci\u00e9t\u00e9 d&#039;avocats Damy\",\"isPartOf\":{\"@id\":\"https:\/\/gregorydamy.niceavocats.fr\/en\/#website\"},\"datePublished\":\"2012-07-27T09:14:35+00:00\",\"dateModified\":\"2023-08-29T05:46:02+00:00\",\"description\":\"Recognition of the severity of the disability: impact and compensation In conclusion, the transfer of the disability severity recognition\",\"breadcrumb\":{\"@id\":\"https:\/\/gregorydamy.niceavocats.fr\/en\/recognition-of-the-severity-of-the-disability-impact-and-compensation\/#breadcrumb\"},\"inLanguage\":\"en-US\",\"potentialAction\":[{\"@type\":\"ReadAction\",\"target\":[\"https:\/\/gregorydamy.niceavocats.fr\/en\/recognition-of-the-severity-of-the-disability-impact-and-compensation\/\"]}]},{\"@type\":\"BreadcrumbList\",\"@id\":\"https:\/\/gregorydamy.niceavocats.fr\/en\/recognition-of-the-severity-of-the-disability-impact-and-compensation\/#breadcrumb\",\"itemListElement\":[{\"@type\":\"ListItem\",\"position\":1,\"name\":\"Accueil\",\"item\":\"https:\/\/gregorydamy.niceavocats.fr\/en\/\"},{\"@type\":\"ListItem\",\"position\":2,\"name\":\"Recognition of the severity of the disability: impact and compensation\"}]},{\"@type\":\"WebSite\",\"@id\":\"https:\/\/gregorydamy.niceavocats.fr\/en\/#website\",\"url\":\"https:\/\/gregorydamy.niceavocats.fr\/en\/\",\"name\":\"Soci\u00e9t\u00e9 d&#039;avocats Damy\",\"description\":\"Justice - Confiance - Efficacit\u00e9\",\"publisher\":{\"@id\":\"https:\/\/gregorydamy.niceavocats.fr\/en\/#organization\"},\"potentialAction\":[{\"@type\":\"SearchAction\",\"target\":{\"@type\":\"EntryPoint\",\"urlTemplate\":\"https:\/\/gregorydamy.niceavocats.fr\/en\/?s={search_term_string}\"},\"query-input\":{\"@type\":\"PropertyValueSpecification\",\"valueRequired\":true,\"valueName\":\"search_term_string\"}}],\"inLanguage\":\"en-US\"},{\"@type\":\"Organization\",\"@id\":\"https:\/\/gregorydamy.niceavocats.fr\/en\/#organization\",\"name\":\"Soci\u00e9t\u00e9 d'Avocats DAMY\",\"alternateName\":\"Gr\u00e9gory DAMY\",\"url\":\"https:\/\/gregorydamy.niceavocats.fr\/en\/\",\"logo\":{\"@type\":\"ImageObject\",\"inLanguage\":\"en-US\",\"@id\":\"https:\/\/gregorydamy.niceavocats.fr\/en\/#\/schema\/logo\/image\/\",\"url\":\"https:\/\/gregorydamy.niceavocats.fr\/wp-content\/uploads\/2023\/04\/damylogo-1.png\",\"contentUrl\":\"https:\/\/gregorydamy.niceavocats.fr\/wp-content\/uploads\/2023\/04\/damylogo-1.png\",\"width\":1890,\"height\":1417,\"caption\":\"Soci\u00e9t\u00e9 d'Avocats DAMY\"},\"image\":{\"@id\":\"https:\/\/gregorydamy.niceavocats.fr\/en\/#\/schema\/logo\/image\/\"},\"sameAs\":[\"https:\/\/www.facebook.com\/niceavocats.fr\/\"]},{\"@type\":\"Person\",\"@id\":\"https:\/\/gregorydamy.niceavocats.fr\/en\/#\/schema\/person\/e040acb2856efaa1e114d0e7a92a3870\",\"name\":\"Kevin\",\"url\":\"https:\/\/gregorydamy.niceavocats.fr\/en\/author\/kevin\/\"}]}<\/script>\n<!-- \/ Yoast SEO plugin. -->","yoast_head_json":{"title":"Recognition of the severity of the disability: impact and compensation - Soci\u00e9t\u00e9 d&#039;avocats Damy","description":"Recognition of the severity of the disability: impact and compensation In conclusion, the transfer of the disability severity recognition","robots":{"index":"index","follow":"follow","max-snippet":"max-snippet:-1","max-image-preview":"max-image-preview:large","max-video-preview":"max-video-preview:-1"},"canonical":"https:\/\/gregorydamy.niceavocats.fr\/en\/recognition-of-the-severity-of-the-disability-impact-and-compensation\/","og_locale":"en_US","og_type":"article","og_title":"Recognition of the severity of the disability: impact and compensation - Soci\u00e9t\u00e9 d&#039;avocats Damy","og_description":"Recognition of the severity of the disability: impact and compensation In conclusion, the transfer of the disability severity recognition","og_url":"https:\/\/gregorydamy.niceavocats.fr\/en\/recognition-of-the-severity-of-the-disability-impact-and-compensation\/","og_site_name":"Soci\u00e9t\u00e9 d&#039;avocats Damy","article_publisher":"https:\/\/www.facebook.com\/niceavocats.fr\/","article_published_time":"2012-07-27T09:14:35+00:00","article_modified_time":"2023-08-29T05:46:02+00:00","author":"Kevin","twitter_card":"summary_large_image","twitter_misc":{"Written by":"Kevin","Est. reading time":"3 minutes"},"schema":{"@context":"https:\/\/schema.org","@graph":[{"@type":"Article","@id":"https:\/\/gregorydamy.niceavocats.fr\/en\/recognition-of-the-severity-of-the-disability-impact-and-compensation\/#article","isPartOf":{"@id":"https:\/\/gregorydamy.niceavocats.fr\/en\/recognition-of-the-severity-of-the-disability-impact-and-compensation\/"},"author":{"name":"Kevin","@id":"https:\/\/gregorydamy.niceavocats.fr\/en\/#\/schema\/person\/e040acb2856efaa1e114d0e7a92a3870"},"headline":"Recognition of the severity of the disability: impact and compensation","datePublished":"2012-07-27T09:14:35+00:00","dateModified":"2023-08-29T05:46:02+00:00","mainEntityOfPage":{"@id":"https:\/\/gregorydamy.niceavocats.fr\/en\/recognition-of-the-severity-of-the-disability-impact-and-compensation\/"},"wordCount":790,"commentCount":0,"publisher":{"@id":"https:\/\/gregorydamy.niceavocats.fr\/en\/#organization"},"articleSection":["Personal injury law"],"inLanguage":"en-US","potentialAction":[{"@type":"CommentAction","name":"Comment","target":["https:\/\/gregorydamy.niceavocats.fr\/en\/recognition-of-the-severity-of-the-disability-impact-and-compensation\/#respond"]}]},{"@type":"WebPage","@id":"https:\/\/gregorydamy.niceavocats.fr\/en\/recognition-of-the-severity-of-the-disability-impact-and-compensation\/","url":"https:\/\/gregorydamy.niceavocats.fr\/en\/recognition-of-the-severity-of-the-disability-impact-and-compensation\/","name":"Recognition of the severity of the disability: impact and compensation - Soci\u00e9t\u00e9 d&#039;avocats Damy","isPartOf":{"@id":"https:\/\/gregorydamy.niceavocats.fr\/en\/#website"},"datePublished":"2012-07-27T09:14:35+00:00","dateModified":"2023-08-29T05:46:02+00:00","description":"Recognition of the severity of the disability: impact and compensation In conclusion, the transfer of the disability severity recognition","breadcrumb":{"@id":"https:\/\/gregorydamy.niceavocats.fr\/en\/recognition-of-the-severity-of-the-disability-impact-and-compensation\/#breadcrumb"},"inLanguage":"en-US","potentialAction":[{"@type":"ReadAction","target":["https:\/\/gregorydamy.niceavocats.fr\/en\/recognition-of-the-severity-of-the-disability-impact-and-compensation\/"]}]},{"@type":"BreadcrumbList","@id":"https:\/\/gregorydamy.niceavocats.fr\/en\/recognition-of-the-severity-of-the-disability-impact-and-compensation\/#breadcrumb","itemListElement":[{"@type":"ListItem","position":1,"name":"Accueil","item":"https:\/\/gregorydamy.niceavocats.fr\/en\/"},{"@type":"ListItem","position":2,"name":"Recognition of the severity of the disability: impact and compensation"}]},{"@type":"WebSite","@id":"https:\/\/gregorydamy.niceavocats.fr\/en\/#website","url":"https:\/\/gregorydamy.niceavocats.fr\/en\/","name":"Soci\u00e9t\u00e9 d&#039;avocats Damy","description":"Justice - Confiance - Efficacit\u00e9","publisher":{"@id":"https:\/\/gregorydamy.niceavocats.fr\/en\/#organization"},"potentialAction":[{"@type":"SearchAction","target":{"@type":"EntryPoint","urlTemplate":"https:\/\/gregorydamy.niceavocats.fr\/en\/?s={search_term_string}"},"query-input":{"@type":"PropertyValueSpecification","valueRequired":true,"valueName":"search_term_string"}}],"inLanguage":"en-US"},{"@type":"Organization","@id":"https:\/\/gregorydamy.niceavocats.fr\/en\/#organization","name":"Soci\u00e9t\u00e9 d'Avocats DAMY","alternateName":"Gr\u00e9gory DAMY","url":"https:\/\/gregorydamy.niceavocats.fr\/en\/","logo":{"@type":"ImageObject","inLanguage":"en-US","@id":"https:\/\/gregorydamy.niceavocats.fr\/en\/#\/schema\/logo\/image\/","url":"https:\/\/gregorydamy.niceavocats.fr\/wp-content\/uploads\/2023\/04\/damylogo-1.png","contentUrl":"https:\/\/gregorydamy.niceavocats.fr\/wp-content\/uploads\/2023\/04\/damylogo-1.png","width":1890,"height":1417,"caption":"Soci\u00e9t\u00e9 d'Avocats DAMY"},"image":{"@id":"https:\/\/gregorydamy.niceavocats.fr\/en\/#\/schema\/logo\/image\/"},"sameAs":["https:\/\/www.facebook.com\/niceavocats.fr\/"]},{"@type":"Person","@id":"https:\/\/gregorydamy.niceavocats.fr\/en\/#\/schema\/person\/e040acb2856efaa1e114d0e7a92a3870","name":"Kevin","url":"https:\/\/gregorydamy.niceavocats.fr\/en\/author\/kevin\/"}]}},"_links":{"self":[{"href":"https:\/\/gregorydamy.niceavocats.fr\/en\/wp-json\/wp\/v2\/posts\/3786","targetHints":{"allow":["GET"]}}],"collection":[{"href":"https:\/\/gregorydamy.niceavocats.fr\/en\/wp-json\/wp\/v2\/posts"}],"about":[{"href":"https:\/\/gregorydamy.niceavocats.fr\/en\/wp-json\/wp\/v2\/types\/post"}],"author":[{"embeddable":true,"href":"https:\/\/gregorydamy.niceavocats.fr\/en\/wp-json\/wp\/v2\/users\/2"}],"replies":[{"embeddable":true,"href":"https:\/\/gregorydamy.niceavocats.fr\/en\/wp-json\/wp\/v2\/comments?post=3786"}],"version-history":[{"count":0,"href":"https:\/\/gregorydamy.niceavocats.fr\/en\/wp-json\/wp\/v2\/posts\/3786\/revisions"}],"wp:attachment":[{"href":"https:\/\/gregorydamy.niceavocats.fr\/en\/wp-json\/wp\/v2\/media?parent=3786"}],"wp:term":[{"taxonomy":"category","embeddable":true,"href":"https:\/\/gregorydamy.niceavocats.fr\/en\/wp-json\/wp\/v2\/categories?post=3786"},{"taxonomy":"post_tag","embeddable":true,"href":"https:\/\/gregorydamy.niceavocats.fr\/en\/wp-json\/wp\/v2\/tags?post=3786"}],"curies":[{"name":"wp","href":"https:\/\/api.w.org\/{rel}","templated":true}]}}