{"id":3620,"date":"2012-08-11T14:37:51","date_gmt":"2012-08-11T14:37:51","guid":{"rendered":"https:\/\/gregorydamy.niceavocats.fr\/?p=3620"},"modified":"2023-08-30T10:55:02","modified_gmt":"2023-08-30T10:55:02","slug":"can-i-dress-how-i-want","status":"publish","type":"post","link":"https:\/\/gregorydamy.niceavocats.fr\/en\/can-i-dress-how-i-want\/","title":{"rendered":"Can I dress how I want?"},"content":{"rendered":"<p>[et_pb_section fb_built=&#8221;1&#8243; _builder_version=&#8221;4.19.5&#8243; _module_preset=&#8221;default&#8221; global_colors_info=&#8221;{}&#8221;][et_pb_row column_structure=&#8221;1_3,1_3,1_3&#8243; _builder_version=&#8221;4.19.5&#8243; _module_preset=&#8221;default&#8221; background_enable_mask_style=&#8221;on&#8221; background_mask_style=&#8221;wave&#8221; background_mask_color=&#8221;rgba(0,0,0,0.08)&#8221; custom_padding=&#8221;||6px|||&#8221; locked=&#8221;off&#8221; global_colors_info=&#8221;{}&#8221;][et_pb_column type=&#8221;1_3&#8243; _builder_version=&#8221;4.19.5&#8243; _module_preset=&#8221;default&#8221; global_colors_info=&#8221;{}&#8221;][\/et_pb_column][et_pb_column type=&#8221;1_3&#8243; _builder_version=&#8221;4.19.5&#8243; _module_preset=&#8221;default&#8221; global_colors_info=&#8221;{}&#8221;][\/et_pb_column][et_pb_column type=&#8221;1_3&#8243; _builder_version=&#8221;4.19.5&#8243; _module_preset=&#8221;default&#8221; global_colors_info=&#8221;{}&#8221;][et_pb_circle_counter title=&#8221;Estimated reading time (in minutes)&#8221; number=&#8221;1&#8243; percent_sign=&#8221;off&#8221; _builder_version=&#8221;4.19.5&#8243; _module_preset=&#8221;default&#8221; title_font=&#8221;Amiri||||||||&#8221; max_width=&#8221;137px&#8221; global_colors_info=&#8221;{}&#8221;][\/et_pb_circle_counter][\/et_pb_column][\/et_pb_row][et_pb_row _builder_version=&#8221;4.19.5&#8243; _module_preset=&#8221;default&#8221; global_colors_info=&#8221;{}&#8221;][et_pb_column type=&#8221;4_4&#8243; _builder_version=&#8221;4.19.5&#8243; _module_preset=&#8221;default&#8221; global_colors_info=&#8221;{}&#8221;][et_pb_divider _builder_version=&#8221;4.19.5&#8243; _module_preset=&#8221;default&#8221; global_colors_info=&#8221;{}&#8221;][\/et_pb_divider][\/et_pb_column][\/et_pb_row][et_pb_row _builder_version=&#8221;4.19.5&#8243; _module_preset=&#8221;default&#8221; global_colors_info=&#8221;{}&#8221;][et_pb_column type=&#8221;4_4&#8243; _builder_version=&#8221;4.19.5&#8243; _module_preset=&#8221;default&#8221; global_colors_info=&#8221;{}&#8221;][et_pb_image src=&#8221;https:\/\/gregorydamy.niceavocats.fr\/wp-content\/uploads\/2023\/08\/dresses-53319_1280-2.jpg&#8221; title_text=&#8221;dresses-53319_1280-2&#8243; _builder_version=&#8221;4.21.0&#8243; _module_preset=&#8221;default&#8221; hover_enabled=&#8221;0&#8243; global_colors_info=&#8221;{}&#8221; sticky_enabled=&#8221;0&#8243;][\/et_pb_image][et_pb_text _builder_version=&#8221;4.21.0&#8243; _module_preset=&#8221;default&#8221; text_font=&#8221;Amiri||||||||&#8221; hover_enabled=&#8221;0&#8243; global_colors_info=&#8221;{}&#8221; sticky_enabled=&#8221;0&#8243;]<\/p>\n<h2><span>Can we wear whatever outfit we want?\u00a0Can you walk naked in the street, or even wear a police uniform without being a police officer?<\/span><\/h2>\n<p><strong><span>Yes, in principle<\/span><\/strong><br \/><span>We have the right, in principle, to wear the clothing of our choice: this is an individual freedom which is linked to respect for private life.\u00a0So, if you wish, you can walk in the street in your underwear, but, however, if you start to reveal your private parts, you risk being arrested for obscene behavior or sexual exhibition.\u00a0We can therefore dress as we want, but while respecting public order and good morals.<\/span><\/p>\n<p><strong><span>Can I go out naked?<\/span><\/strong><br \/><span>The question of nudity in public spaces has not been clearly decided by the courts and can be punished if it corresponds to the definition of sexual exhibition.\u00a0We will qualify as sexual exhibition any total or partial nudity in a public space and coming from a person who is aware of offending the modesty of others.<\/span><br \/><span>In these situations, judgments are made on a case-by-case basis.\u00a0For example, in the case of a person stripping naked to dive from a port, it was considered that this act was not reprehensible because it was not committed in a provocative manner, and that the attitude of the person the person was not obscene.\u00a0On the other hand, other jurisdictions have considered that a naked man in a car, or even a bather walking naked among the rocks and outside a naturist area, engaged in behavior that amounted to sexual exhibition.<\/span><\/p>\n<p><strong><span>Can I hide my face?<\/span><\/strong><br \/><span>Since the law came into force on April 12, 2011, we no longer have the possibility of going out into public spaces with our faces covered.\u00a0This law, promulgated to dissuade people from wearing the full veil or burqa, stipulates that any person who goes out into the street with their face covered risks a second class fine, that is to say a fine and the obligation to follow a citizenship course.<\/span><br \/><span>There is also another situation of facial concealment: it concerns individuals who hide their face during a public demonstration to avoid being identified or questioned by the police.\u00a0In this case, these people risk a 5th class fine, i.e. a\u00a0<\/span><a href=\"https:\/\/www.legifrance.gouv.fr\/codes\/article_lc\/LEGIARTI000006417259\"><span>fine<\/span><\/a><span>\u00a0of \u20ac1,500.<\/span><br \/><span>There are, however, exceptions to this rule: for health reasons (wearing a mask in the street in the event of illness), for professional reasons (wearing a helmet for a CRS or a construction site worker), or for artistic reasons (wearing a mask at carnival).<\/span><\/p>\n<p><strong><span>Can I wear a uniform?<\/span><\/strong><br \/><span>One cannot wear any uniform or costume in public space and it is prohibited to wear certain outfits, costumes, uniforms and decorations that are regulated by the public authority.\u00a0There is no exhaustive list of prohibited costumes, but, generally, these are professions for which the conditions of exercise are regulated and published in the Official Journal: dress for lawyers and magistrates;\u00a0the uniform of a police officer, firefighter or soldier.\u00a0People wearing this uniform can be sentenced to one year&#8217;s imprisonment and a fine of \u20ac15,000.\u00a0Furthermore, it is prohibited to wear costumes or emblems of organizations that have committed crimes against humanity in public spaces.\u00a0For example,\u00a0Someone going out wearing a Nazi uniform can be fined 5th class, i.e. a fine of \u20ac1,500.\u00a0An exception can be made if the person is wearing this outfit for artistic reasons (for a play or film, for example).<\/span><\/p>\n<p><a href=\"https:\/\/gregorydamy.niceavocats.fr\/\"><span>DAMY Law Firm<\/span><\/a><span>\u00a0, Nice, Can I dress as I want?\u00a02022 update<\/span><\/p>\n<p>[\/et_pb_text][\/et_pb_column][\/et_pb_row][et_pb_row _builder_version=&#8221;4.19.5&#8243; _module_preset=&#8221;default&#8221; global_colors_info=&#8221;{}&#8221;][et_pb_column type=&#8221;4_4&#8243; _builder_version=&#8221;4.19.5&#8243; _module_preset=&#8221;default&#8221; global_colors_info=&#8221;{}&#8221;][et_pb_divider _builder_version=&#8221;4.19.5&#8243; _module_preset=&#8221;default&#8221; global_colors_info=&#8221;{}&#8221;][\/et_pb_divider][\/et_pb_column][\/et_pb_row][et_pb_row _builder_version=&#8221;4.19.5&#8243; _module_preset=&#8221;default&#8221; global_colors_info=&#8221;{}&#8221;][et_pb_column type=&#8221;4_4&#8243; _builder_version=&#8221;4.19.5&#8243; _module_preset=&#8221;default&#8221; global_colors_info=&#8221;{}&#8221;][et_pb_divider _builder_version=&#8221;4.19.5&#8243; _module_preset=&#8221;default&#8221; global_colors_info=&#8221;{}&#8221;][\/et_pb_divider][\/et_pb_column][\/et_pb_row][\/et_pb_section]<\/p>\n","protected":false},"excerpt":{"rendered":"<p>Can we wear whatever outfit we want?\u00a0Can you walk naked in the street, or even wear a police uniform without being a police officer? Yes, in principleWe have the right, in principle, to wear the clothing of our choice: this is an individual freedom which is linked to respect for private life.\u00a0So, if you wish, [&hellip;]<\/p>\n","protected":false},"author":2,"featured_media":0,"comment_status":"open","ping_status":"open","sticky":false,"template":"","format":"standard","meta":{"_et_pb_use_builder":"on","_et_pb_old_content":"","_et_gb_content_width":"","footnotes":""},"categories":[312],"tags":[],"class_list":["post-3620","post","type-post","status-publish","format-standard","hentry","category-criminal-law"],"yoast_head":"<!-- This site is optimized with the Yoast SEO plugin v26.8 - https:\/\/yoast.com\/product\/yoast-seo-wordpress\/ -->\n<title>Can I dress how I want? - Soci\u00e9t\u00e9 d&#039;avocats Damy<\/title>\n<meta name=\"description\" content=\"Can I dress how I want? On a le droit, en principe, de porter la tenue vestimentaire de son choix : il s\u2019agit d\u2019une libert\u00e9 individuelle qui\" \/>\n<meta name=\"robots\" content=\"index, follow, max-snippet:-1, max-image-preview:large, max-video-preview:-1\" \/>\n<link rel=\"canonical\" href=\"https:\/\/gregorydamy.niceavocats.fr\/en\/can-i-dress-how-i-want\/\" \/>\n<meta property=\"og:locale\" content=\"en_US\" \/>\n<meta property=\"og:type\" content=\"article\" \/>\n<meta property=\"og:title\" content=\"Can I dress how I want? - Soci\u00e9t\u00e9 d&#039;avocats Damy\" \/>\n<meta property=\"og:description\" content=\"Can I dress how I want? On a le droit, en principe, de porter la tenue vestimentaire de son choix : il s\u2019agit d\u2019une libert\u00e9 individuelle qui\" \/>\n<meta property=\"og:url\" content=\"https:\/\/gregorydamy.niceavocats.fr\/en\/can-i-dress-how-i-want\/\" \/>\n<meta property=\"og:site_name\" content=\"Soci\u00e9t\u00e9 d&#039;avocats Damy\" \/>\n<meta property=\"article:publisher\" content=\"https:\/\/www.facebook.com\/niceavocats.fr\/\" \/>\n<meta property=\"article:published_time\" content=\"2012-08-11T14:37:51+00:00\" \/>\n<meta property=\"article:modified_time\" content=\"2023-08-30T10:55:02+00:00\" \/>\n<meta name=\"author\" content=\"Kevin\" \/>\n<meta name=\"twitter:card\" content=\"summary_large_image\" \/>\n<meta name=\"twitter:label1\" content=\"Written by\" \/>\n\t<meta name=\"twitter:data1\" content=\"Kevin\" \/>\n\t<meta name=\"twitter:label2\" content=\"Est. reading time\" \/>\n\t<meta name=\"twitter:data2\" content=\"4 minutes\" \/>\n<script type=\"application\/ld+json\" class=\"yoast-schema-graph\">{\"@context\":\"https:\/\/schema.org\",\"@graph\":[{\"@type\":\"Article\",\"@id\":\"https:\/\/gregorydamy.niceavocats.fr\/en\/can-i-dress-how-i-want\/#article\",\"isPartOf\":{\"@id\":\"https:\/\/gregorydamy.niceavocats.fr\/en\/can-i-dress-how-i-want\/\"},\"author\":{\"name\":\"Kevin\",\"@id\":\"https:\/\/gregorydamy.niceavocats.fr\/en\/#\/schema\/person\/e040acb2856efaa1e114d0e7a92a3870\"},\"headline\":\"Can I dress how I want?\",\"datePublished\":\"2012-08-11T14:37:51+00:00\",\"dateModified\":\"2023-08-30T10:55:02+00:00\",\"mainEntityOfPage\":{\"@id\":\"https:\/\/gregorydamy.niceavocats.fr\/en\/can-i-dress-how-i-want\/\"},\"wordCount\":925,\"commentCount\":0,\"publisher\":{\"@id\":\"https:\/\/gregorydamy.niceavocats.fr\/en\/#organization\"},\"articleSection\":[\"Criminal law\"],\"inLanguage\":\"en-US\",\"potentialAction\":[{\"@type\":\"CommentAction\",\"name\":\"Comment\",\"target\":[\"https:\/\/gregorydamy.niceavocats.fr\/en\/can-i-dress-how-i-want\/#respond\"]}]},{\"@type\":\"WebPage\",\"@id\":\"https:\/\/gregorydamy.niceavocats.fr\/en\/can-i-dress-how-i-want\/\",\"url\":\"https:\/\/gregorydamy.niceavocats.fr\/en\/can-i-dress-how-i-want\/\",\"name\":\"Can I dress how I want? - Soci\u00e9t\u00e9 d&#039;avocats Damy\",\"isPartOf\":{\"@id\":\"https:\/\/gregorydamy.niceavocats.fr\/en\/#website\"},\"datePublished\":\"2012-08-11T14:37:51+00:00\",\"dateModified\":\"2023-08-30T10:55:02+00:00\",\"description\":\"Can I dress how I want? On a le droit, en principe, de porter la tenue vestimentaire de son choix : il s\u2019agit d\u2019une libert\u00e9 individuelle qui\",\"breadcrumb\":{\"@id\":\"https:\/\/gregorydamy.niceavocats.fr\/en\/can-i-dress-how-i-want\/#breadcrumb\"},\"inLanguage\":\"en-US\",\"potentialAction\":[{\"@type\":\"ReadAction\",\"target\":[\"https:\/\/gregorydamy.niceavocats.fr\/en\/can-i-dress-how-i-want\/\"]}]},{\"@type\":\"BreadcrumbList\",\"@id\":\"https:\/\/gregorydamy.niceavocats.fr\/en\/can-i-dress-how-i-want\/#breadcrumb\",\"itemListElement\":[{\"@type\":\"ListItem\",\"position\":1,\"name\":\"Accueil\",\"item\":\"https:\/\/gregorydamy.niceavocats.fr\/en\/\"},{\"@type\":\"ListItem\",\"position\":2,\"name\":\"Can I dress how I want?\"}]},{\"@type\":\"WebSite\",\"@id\":\"https:\/\/gregorydamy.niceavocats.fr\/en\/#website\",\"url\":\"https:\/\/gregorydamy.niceavocats.fr\/en\/\",\"name\":\"Soci\u00e9t\u00e9 d&#039;avocats Damy\",\"description\":\"Justice - Confiance - Efficacit\u00e9\",\"publisher\":{\"@id\":\"https:\/\/gregorydamy.niceavocats.fr\/en\/#organization\"},\"potentialAction\":[{\"@type\":\"SearchAction\",\"target\":{\"@type\":\"EntryPoint\",\"urlTemplate\":\"https:\/\/gregorydamy.niceavocats.fr\/en\/?s={search_term_string}\"},\"query-input\":{\"@type\":\"PropertyValueSpecification\",\"valueRequired\":true,\"valueName\":\"search_term_string\"}}],\"inLanguage\":\"en-US\"},{\"@type\":\"Organization\",\"@id\":\"https:\/\/gregorydamy.niceavocats.fr\/en\/#organization\",\"name\":\"Soci\u00e9t\u00e9 d'Avocats DAMY\",\"alternateName\":\"Gr\u00e9gory DAMY\",\"url\":\"https:\/\/gregorydamy.niceavocats.fr\/en\/\",\"logo\":{\"@type\":\"ImageObject\",\"inLanguage\":\"en-US\",\"@id\":\"https:\/\/gregorydamy.niceavocats.fr\/en\/#\/schema\/logo\/image\/\",\"url\":\"https:\/\/gregorydamy.niceavocats.fr\/wp-content\/uploads\/2023\/04\/damylogo-1.png\",\"contentUrl\":\"https:\/\/gregorydamy.niceavocats.fr\/wp-content\/uploads\/2023\/04\/damylogo-1.png\",\"width\":1890,\"height\":1417,\"caption\":\"Soci\u00e9t\u00e9 d'Avocats DAMY\"},\"image\":{\"@id\":\"https:\/\/gregorydamy.niceavocats.fr\/en\/#\/schema\/logo\/image\/\"},\"sameAs\":[\"https:\/\/www.facebook.com\/niceavocats.fr\/\"]},{\"@type\":\"Person\",\"@id\":\"https:\/\/gregorydamy.niceavocats.fr\/en\/#\/schema\/person\/e040acb2856efaa1e114d0e7a92a3870\",\"name\":\"Kevin\",\"url\":\"https:\/\/gregorydamy.niceavocats.fr\/en\/author\/kevin\/\"}]}<\/script>\n<!-- \/ Yoast SEO plugin. -->","yoast_head_json":{"title":"Can I dress how I want? - Soci\u00e9t\u00e9 d&#039;avocats Damy","description":"Can I dress how I want? On a le droit, en principe, de porter la tenue vestimentaire de son choix : il s\u2019agit d\u2019une libert\u00e9 individuelle qui","robots":{"index":"index","follow":"follow","max-snippet":"max-snippet:-1","max-image-preview":"max-image-preview:large","max-video-preview":"max-video-preview:-1"},"canonical":"https:\/\/gregorydamy.niceavocats.fr\/en\/can-i-dress-how-i-want\/","og_locale":"en_US","og_type":"article","og_title":"Can I dress how I want? - Soci\u00e9t\u00e9 d&#039;avocats Damy","og_description":"Can I dress how I want? On a le droit, en principe, de porter la tenue vestimentaire de son choix : il s\u2019agit d\u2019une libert\u00e9 individuelle qui","og_url":"https:\/\/gregorydamy.niceavocats.fr\/en\/can-i-dress-how-i-want\/","og_site_name":"Soci\u00e9t\u00e9 d&#039;avocats Damy","article_publisher":"https:\/\/www.facebook.com\/niceavocats.fr\/","article_published_time":"2012-08-11T14:37:51+00:00","article_modified_time":"2023-08-30T10:55:02+00:00","author":"Kevin","twitter_card":"summary_large_image","twitter_misc":{"Written by":"Kevin","Est. reading time":"4 minutes"},"schema":{"@context":"https:\/\/schema.org","@graph":[{"@type":"Article","@id":"https:\/\/gregorydamy.niceavocats.fr\/en\/can-i-dress-how-i-want\/#article","isPartOf":{"@id":"https:\/\/gregorydamy.niceavocats.fr\/en\/can-i-dress-how-i-want\/"},"author":{"name":"Kevin","@id":"https:\/\/gregorydamy.niceavocats.fr\/en\/#\/schema\/person\/e040acb2856efaa1e114d0e7a92a3870"},"headline":"Can I dress how I want?","datePublished":"2012-08-11T14:37:51+00:00","dateModified":"2023-08-30T10:55:02+00:00","mainEntityOfPage":{"@id":"https:\/\/gregorydamy.niceavocats.fr\/en\/can-i-dress-how-i-want\/"},"wordCount":925,"commentCount":0,"publisher":{"@id":"https:\/\/gregorydamy.niceavocats.fr\/en\/#organization"},"articleSection":["Criminal law"],"inLanguage":"en-US","potentialAction":[{"@type":"CommentAction","name":"Comment","target":["https:\/\/gregorydamy.niceavocats.fr\/en\/can-i-dress-how-i-want\/#respond"]}]},{"@type":"WebPage","@id":"https:\/\/gregorydamy.niceavocats.fr\/en\/can-i-dress-how-i-want\/","url":"https:\/\/gregorydamy.niceavocats.fr\/en\/can-i-dress-how-i-want\/","name":"Can I dress how I want? - Soci\u00e9t\u00e9 d&#039;avocats Damy","isPartOf":{"@id":"https:\/\/gregorydamy.niceavocats.fr\/en\/#website"},"datePublished":"2012-08-11T14:37:51+00:00","dateModified":"2023-08-30T10:55:02+00:00","description":"Can I dress how I want? On a le droit, en principe, de porter la tenue vestimentaire de son choix : il s\u2019agit d\u2019une libert\u00e9 individuelle qui","breadcrumb":{"@id":"https:\/\/gregorydamy.niceavocats.fr\/en\/can-i-dress-how-i-want\/#breadcrumb"},"inLanguage":"en-US","potentialAction":[{"@type":"ReadAction","target":["https:\/\/gregorydamy.niceavocats.fr\/en\/can-i-dress-how-i-want\/"]}]},{"@type":"BreadcrumbList","@id":"https:\/\/gregorydamy.niceavocats.fr\/en\/can-i-dress-how-i-want\/#breadcrumb","itemListElement":[{"@type":"ListItem","position":1,"name":"Accueil","item":"https:\/\/gregorydamy.niceavocats.fr\/en\/"},{"@type":"ListItem","position":2,"name":"Can I dress how I want?"}]},{"@type":"WebSite","@id":"https:\/\/gregorydamy.niceavocats.fr\/en\/#website","url":"https:\/\/gregorydamy.niceavocats.fr\/en\/","name":"Soci\u00e9t\u00e9 d&#039;avocats Damy","description":"Justice - Confiance - Efficacit\u00e9","publisher":{"@id":"https:\/\/gregorydamy.niceavocats.fr\/en\/#organization"},"potentialAction":[{"@type":"SearchAction","target":{"@type":"EntryPoint","urlTemplate":"https:\/\/gregorydamy.niceavocats.fr\/en\/?s={search_term_string}"},"query-input":{"@type":"PropertyValueSpecification","valueRequired":true,"valueName":"search_term_string"}}],"inLanguage":"en-US"},{"@type":"Organization","@id":"https:\/\/gregorydamy.niceavocats.fr\/en\/#organization","name":"Soci\u00e9t\u00e9 d'Avocats DAMY","alternateName":"Gr\u00e9gory DAMY","url":"https:\/\/gregorydamy.niceavocats.fr\/en\/","logo":{"@type":"ImageObject","inLanguage":"en-US","@id":"https:\/\/gregorydamy.niceavocats.fr\/en\/#\/schema\/logo\/image\/","url":"https:\/\/gregorydamy.niceavocats.fr\/wp-content\/uploads\/2023\/04\/damylogo-1.png","contentUrl":"https:\/\/gregorydamy.niceavocats.fr\/wp-content\/uploads\/2023\/04\/damylogo-1.png","width":1890,"height":1417,"caption":"Soci\u00e9t\u00e9 d'Avocats DAMY"},"image":{"@id":"https:\/\/gregorydamy.niceavocats.fr\/en\/#\/schema\/logo\/image\/"},"sameAs":["https:\/\/www.facebook.com\/niceavocats.fr\/"]},{"@type":"Person","@id":"https:\/\/gregorydamy.niceavocats.fr\/en\/#\/schema\/person\/e040acb2856efaa1e114d0e7a92a3870","name":"Kevin","url":"https:\/\/gregorydamy.niceavocats.fr\/en\/author\/kevin\/"}]}},"_links":{"self":[{"href":"https:\/\/gregorydamy.niceavocats.fr\/en\/wp-json\/wp\/v2\/posts\/3620","targetHints":{"allow":["GET"]}}],"collection":[{"href":"https:\/\/gregorydamy.niceavocats.fr\/en\/wp-json\/wp\/v2\/posts"}],"about":[{"href":"https:\/\/gregorydamy.niceavocats.fr\/en\/wp-json\/wp\/v2\/types\/post"}],"author":[{"embeddable":true,"href":"https:\/\/gregorydamy.niceavocats.fr\/en\/wp-json\/wp\/v2\/users\/2"}],"replies":[{"embeddable":true,"href":"https:\/\/gregorydamy.niceavocats.fr\/en\/wp-json\/wp\/v2\/comments?post=3620"}],"version-history":[{"count":0,"href":"https:\/\/gregorydamy.niceavocats.fr\/en\/wp-json\/wp\/v2\/posts\/3620\/revisions"}],"wp:attachment":[{"href":"https:\/\/gregorydamy.niceavocats.fr\/en\/wp-json\/wp\/v2\/media?parent=3620"}],"wp:term":[{"taxonomy":"category","embeddable":true,"href":"https:\/\/gregorydamy.niceavocats.fr\/en\/wp-json\/wp\/v2\/categories?post=3620"},{"taxonomy":"post_tag","embeddable":true,"href":"https:\/\/gregorydamy.niceavocats.fr\/en\/wp-json\/wp\/v2\/tags?post=3620"}],"curies":[{"name":"wp","href":"https:\/\/api.w.org\/{rel}","templated":true}]}}