{"id":3428,"date":"2012-07-30T09:41:17","date_gmt":"2012-07-30T09:41:17","guid":{"rendered":"https:\/\/gregorydamy.niceavocats.fr\/?p=3428"},"modified":"2023-08-29T05:43:56","modified_gmt":"2023-08-29T05:43:56","slug":"insecurity-of-teachers-an-administrative-court-condemns-the-state","status":"publish","type":"post","link":"https:\/\/gregorydamy.niceavocats.fr\/en\/insecurity-of-teachers-an-administrative-court-condemns-the-state\/","title":{"rendered":"Insecurity of teachers: an administrative court condemns the State"},"content":{"rendered":"<p>[et_pb_section fb_built=&#8221;1&#8243; admin_label=&#8221;section&#8221; _builder_version=&#8221;4.19.5&#8243; custom_margin=&#8221;||0px||false|false&#8221; custom_padding=&#8221;||0px||false|false&#8221; locked=&#8221;off&#8221; global_colors_info=&#8221;{}&#8221;][et_pb_row column_structure=&#8221;1_3,1_3,1_3&#8243; _builder_version=&#8221;4.19.5&#8243; _module_preset=&#8221;default&#8221; background_enable_mask_style=&#8221;on&#8221; background_mask_style=&#8221;wave&#8221; background_mask_color=&#8221;rgba(0,0,0,0.08)&#8221; custom_padding=&#8221;||6px|||&#8221; locked=&#8221;off&#8221; global_colors_info=&#8221;{}&#8221;][et_pb_column type=&#8221;1_3&#8243; _builder_version=&#8221;4.19.5&#8243; _module_preset=&#8221;default&#8221; global_colors_info=&#8221;{}&#8221;][\/et_pb_column][et_pb_column type=&#8221;1_3&#8243; _builder_version=&#8221;4.19.5&#8243; _module_preset=&#8221;default&#8221; global_colors_info=&#8221;{}&#8221;][\/et_pb_column][et_pb_column type=&#8221;1_3&#8243; _builder_version=&#8221;4.19.5&#8243; _module_preset=&#8221;default&#8221; global_colors_info=&#8221;{}&#8221;][et_pb_circle_counter title=&#8221;Estimated reading time (in minutes)&#8221; number=&#8221;2&#8243; percent_sign=&#8221;off&#8221; _builder_version=&#8221;4.19.5&#8243; _module_preset=&#8221;default&#8221; title_font=&#8221;Amiri||||||||&#8221; max_width=&#8221;137px&#8221; global_colors_info=&#8221;{}&#8221;][\/et_pb_circle_counter][\/et_pb_column][\/et_pb_row][et_pb_row _builder_version=&#8221;4.19.5&#8243; _module_preset=&#8221;default&#8221; custom_margin=&#8221;||0px||false|false&#8221; custom_padding=&#8221;||0px||false|false&#8221; global_colors_info=&#8221;{}&#8221;][et_pb_column type=&#8221;4_4&#8243; _builder_version=&#8221;4.19.5&#8243; _module_preset=&#8221;default&#8221; global_colors_info=&#8221;{}&#8221;][et_pb_divider _builder_version=&#8221;4.19.5&#8243; _module_preset=&#8221;default&#8221; global_colors_info=&#8221;{}&#8221;][\/et_pb_divider][\/et_pb_column][\/et_pb_row][et_pb_row admin_label=&#8221;row&#8221; _builder_version=&#8221;4.16&#8243; background_size=&#8221;initial&#8221; background_position=&#8221;top_left&#8221; background_repeat=&#8221;repeat&#8221; global_colors_info=&#8221;{}&#8221;][et_pb_column type=&#8221;4_4&#8243; _builder_version=&#8221;4.16&#8243; custom_padding=&#8221;|||&#8221; global_colors_info=&#8221;{}&#8221; custom_padding__hover=&#8221;|||&#8221;][et_pb_image src=&#8221;https:\/\/gregorydamy.niceavocats.fr\/wp-content\/uploads\/2012\/07\/teacher-4784916_1280.jpg&#8221; title_text=&#8221;teacher-4784916_1280&#8243; _builder_version=&#8221;4.21.0&#8243; _module_preset=&#8221;default&#8221; hover_enabled=&#8221;0&#8243; global_colors_info=&#8221;{}&#8221; sticky_enabled=&#8221;0&#8243;][\/et_pb_image][et_pb_text admin_label=&#8221;Text&#8221; _builder_version=&#8221;4.21.0&#8243; text_font=&#8221;Amiri||||||||&#8221; header_2_font=&#8221;Amiri||||||||&#8221; header_3_font=&#8221;Amiri||||||||&#8221; background_size=&#8221;initial&#8221; background_position=&#8221;top_left&#8221; background_repeat=&#8221;repeat&#8221; hover_enabled=&#8221;0&#8243; global_colors_info=&#8221;{}&#8221; sticky_enabled=&#8221;0&#8243;]<\/p>\n<div class=\"entry-content\">\n<div class=\"et_pb_row et_pb_row_2\">\n<div class=\"et_pb_column et_pb_column_4_4 et_pb_column_4  et_pb_css_mix_blend_mode_passthrough et-last-child\">\n<div class=\"et_pb_module et_pb_text et_pb_text_0  et_pb_text_align_left et_pb_bg_layout_light\">\n<div class=\"et_pb_text_inner\">\n<div class=\"entry-content\">\n<h2><span>An administrative court condemns the State to compensate teachers for moral damage<\/span><\/h2>\n<p><span class=\"\"><span>In a series of judgments on July 13, 2012, the\u00a0\u00a0<\/span><\/span><span class=\"\"><span>Administrative Court\u00a0<\/span><\/span><span class=\"\"><span>\u00a0of Melun rendered a significant judgment, holding the State responsible for compensating several teachers for the\u00a0<\/span><a href=\"https:\/\/www.service-public.fr\/particuliers\/vosdroits\/F1422\"><span>moral damage<\/span><\/a><span>\u00a0caused by the insecurity within their school. .\u00a0<\/span><\/span><span>The court upheld the claim for compensation for the non-pecuniary damage suffered by the teachers and pointed out the administration&#8217;s inability to implement the appropriate measures to ensure the protection of the teaching staff.<\/span><\/p>\n<p><span>The court accepted that the applicant&#8217;s concerns were justified by asserting that the administration had not taken sufficient measures to ensure the safety and security of the teaching staff, in particular in the particular school mentioned in the case.\u00a0It considered this failure to implement adequate security measures as a manifest breach of the State&#8217;s responsibility towards Ms L, one of the teachers concerned, and considered her to be entitled to\u00a0\u00a0<\/span><span>compensation\u00a0<\/span><span>\u00a0.<\/span><\/p>\n<h2><span>Ruling highlights inadequate measures and\u00a0<\/span><a href=\"https:\/\/gregorydamy.niceavocats.fr\/\"><span>compensation<\/span><\/a><span>\u00a0for moral damages<\/span><\/h2>\n<p><span>The court explicitly recognizes the existence of a moral prejudice caused by the insecurity prevailing at Ms L&#8217;s work. This recognition was important because it underlined the harmful impact of the dangerous environment on the well-being and mental health teachers.\u00a0The court ruling clarified that the existence of such damages was not disputed by any party involved in the case.<\/span><\/p>\n<p><span>Consequently, the court finds that the State is liable and orders Mrs. L to pay the sum of 500 euros in compensation for the moral damage she has suffered.\u00a0<\/span><span class=\"\"><span>This judgment illustrates the Court&#8217;s commitment to protecting the rights and well-being of educators and reinforces the importance of implementing adequate security measures in educational institutions.<\/span><\/span><\/p>\n<p><span>The judgment highlighted the insufficiency of the measures taken by the administration to protect the teachers of the mentioned school, underlining the failure of the administration to fulfill its duty.\u00a0By emphasizing the need for compensation, the court recognized the importance of remedying the moral harm caused by job insecurity, thus setting a precedent for future cases.<\/span><\/p>\n<p><span class=\"\"><span>All in all, the series of judgments handed down by the Administrative Court of Melun on July 13, 2012 had considerable implications.\u00a0<\/span><\/span><span class=\"\"><span>She condemned the State for its negligence in implementing the appropriate security measures, upheld the claim for compensation for the moral damage suffered by the teachers and underlined the importance of safeguarding the well-being of the educators.\u00a0<\/span><\/span><span>This decision reiterated the State&#8217;s responsibility to ensure a safe and secure environment for teachers and students, fostering an atmosphere conducive to learning and personal growth.<\/span><\/p>\n<\/div>\n<\/div>\n<\/div>\n<\/div>\n<\/div>\n<div class=\"et_pb_row et_pb_row_3\">\n<div class=\"et_pb_column et_pb_column_4_4 et_pb_column_5  et_pb_css_mix_blend_mode_passthrough et-last-child\">\u00a0<\/div>\n<\/div>\n<\/div>\n<p>[\/et_pb_text][\/et_pb_column][\/et_pb_row][et_pb_row _builder_version=&#8221;4.19.5&#8243; _module_preset=&#8221;default&#8221; custom_margin=&#8221;||0px||false|false&#8221; custom_padding=&#8221;||0px||false|false&#8221; global_colors_info=&#8221;{}&#8221;][et_pb_column type=&#8221;4_4&#8243; _builder_version=&#8221;4.19.5&#8243; _module_preset=&#8221;default&#8221; global_colors_info=&#8221;{}&#8221;][et_pb_divider _builder_version=&#8221;4.19.5&#8243; _module_preset=&#8221;default&#8221; global_colors_info=&#8221;{}&#8221;][\/et_pb_divider][\/et_pb_column][\/et_pb_row][\/et_pb_section]<\/p>\n","protected":false},"excerpt":{"rendered":"<p>An administrative court condemns the State to compensate teachers for moral damage In a series of judgments on July 13, 2012, the\u00a0\u00a0Administrative Court\u00a0\u00a0of Melun rendered a significant judgment, holding the State responsible for compensating several teachers for the\u00a0moral damage\u00a0caused by the insecurity within their school. .\u00a0The court upheld the claim for compensation for the non-pecuniary [&hellip;]<\/p>\n","protected":false},"author":2,"featured_media":35043,"comment_status":"open","ping_status":"open","sticky":false,"template":"","format":"standard","meta":{"_et_pb_use_builder":"on","_et_pb_old_content":"","_et_gb_content_width":"","footnotes":""},"categories":[306],"tags":[],"class_list":["post-3428","post","type-post","status-publish","format-standard","has-post-thumbnail","hentry","category-personal-injury-law"],"yoast_head":"<!-- This site is optimized with the Yoast SEO plugin v26.8 - https:\/\/yoast.com\/product\/yoast-seo-wordpress\/ -->\n<title>Insecurity of teachers: an administrative court condemns the State - Soci\u00e9t\u00e9 d&#039;avocats Damy<\/title>\n<meta name=\"description\" content=\"Insecurity of teachers: an administrative court condemns the State Overall, the series of judgments delivered by the\" \/>\n<meta name=\"robots\" content=\"index, follow, max-snippet:-1, max-image-preview:large, max-video-preview:-1\" \/>\n<link rel=\"canonical\" href=\"https:\/\/gregorydamy.niceavocats.fr\/en\/insecurity-of-teachers-an-administrative-court-condemns-the-state\/\" \/>\n<meta property=\"og:locale\" content=\"en_US\" \/>\n<meta property=\"og:type\" content=\"article\" \/>\n<meta property=\"og:title\" content=\"Insecurity of teachers: an administrative court condemns the State - Soci\u00e9t\u00e9 d&#039;avocats Damy\" \/>\n<meta property=\"og:description\" content=\"Insecurity of teachers: an administrative court condemns the State Overall, the series of judgments delivered by the\" \/>\n<meta property=\"og:url\" content=\"https:\/\/gregorydamy.niceavocats.fr\/en\/insecurity-of-teachers-an-administrative-court-condemns-the-state\/\" \/>\n<meta property=\"og:site_name\" content=\"Soci\u00e9t\u00e9 d&#039;avocats Damy\" \/>\n<meta property=\"article:publisher\" content=\"https:\/\/www.facebook.com\/niceavocats.fr\/\" \/>\n<meta property=\"article:published_time\" content=\"2012-07-30T09:41:17+00:00\" \/>\n<meta property=\"article:modified_time\" content=\"2023-08-29T05:43:56+00:00\" \/>\n<meta property=\"og:image\" content=\"https:\/\/gregorydamy.niceavocats.fr\/wp-content\/uploads\/2012\/07\/teacher-4784916_1280.jpg\" \/>\n\t<meta property=\"og:image:width\" content=\"1280\" \/>\n\t<meta property=\"og:image:height\" content=\"853\" \/>\n\t<meta property=\"og:image:type\" content=\"image\/jpeg\" \/>\n<meta name=\"author\" content=\"Kevin\" \/>\n<meta name=\"twitter:card\" content=\"summary_large_image\" \/>\n<meta name=\"twitter:label1\" content=\"Written by\" \/>\n\t<meta name=\"twitter:data1\" content=\"Kevin\" \/>\n\t<meta name=\"twitter:label2\" content=\"Est. reading time\" \/>\n\t<meta name=\"twitter:data2\" content=\"3 minutes\" \/>\n<script type=\"application\/ld+json\" class=\"yoast-schema-graph\">{\"@context\":\"https:\/\/schema.org\",\"@graph\":[{\"@type\":\"Article\",\"@id\":\"https:\/\/gregorydamy.niceavocats.fr\/en\/insecurity-of-teachers-an-administrative-court-condemns-the-state\/#article\",\"isPartOf\":{\"@id\":\"https:\/\/gregorydamy.niceavocats.fr\/en\/insecurity-of-teachers-an-administrative-court-condemns-the-state\/\"},\"author\":{\"name\":\"Kevin\",\"@id\":\"https:\/\/gregorydamy.niceavocats.fr\/en\/#\/schema\/person\/e040acb2856efaa1e114d0e7a92a3870\"},\"headline\":\"Insecurity of teachers: an administrative court condemns the State\",\"datePublished\":\"2012-07-30T09:41:17+00:00\",\"dateModified\":\"2023-08-29T05:43:56+00:00\",\"mainEntityOfPage\":{\"@id\":\"https:\/\/gregorydamy.niceavocats.fr\/en\/insecurity-of-teachers-an-administrative-court-condemns-the-state\/\"},\"wordCount\":784,\"commentCount\":0,\"publisher\":{\"@id\":\"https:\/\/gregorydamy.niceavocats.fr\/en\/#organization\"},\"image\":{\"@id\":\"https:\/\/gregorydamy.niceavocats.fr\/en\/insecurity-of-teachers-an-administrative-court-condemns-the-state\/#primaryimage\"},\"thumbnailUrl\":\"https:\/\/gregorydamy.niceavocats.fr\/wp-content\/uploads\/2012\/07\/teacher-4784916_1280.jpg\",\"articleSection\":[\"Personal injury law\"],\"inLanguage\":\"en-US\",\"potentialAction\":[{\"@type\":\"CommentAction\",\"name\":\"Comment\",\"target\":[\"https:\/\/gregorydamy.niceavocats.fr\/en\/insecurity-of-teachers-an-administrative-court-condemns-the-state\/#respond\"]}]},{\"@type\":\"WebPage\",\"@id\":\"https:\/\/gregorydamy.niceavocats.fr\/en\/insecurity-of-teachers-an-administrative-court-condemns-the-state\/\",\"url\":\"https:\/\/gregorydamy.niceavocats.fr\/en\/insecurity-of-teachers-an-administrative-court-condemns-the-state\/\",\"name\":\"Insecurity of teachers: an administrative court condemns the State - Soci\u00e9t\u00e9 d&#039;avocats Damy\",\"isPartOf\":{\"@id\":\"https:\/\/gregorydamy.niceavocats.fr\/en\/#website\"},\"primaryImageOfPage\":{\"@id\":\"https:\/\/gregorydamy.niceavocats.fr\/en\/insecurity-of-teachers-an-administrative-court-condemns-the-state\/#primaryimage\"},\"image\":{\"@id\":\"https:\/\/gregorydamy.niceavocats.fr\/en\/insecurity-of-teachers-an-administrative-court-condemns-the-state\/#primaryimage\"},\"thumbnailUrl\":\"https:\/\/gregorydamy.niceavocats.fr\/wp-content\/uploads\/2012\/07\/teacher-4784916_1280.jpg\",\"datePublished\":\"2012-07-30T09:41:17+00:00\",\"dateModified\":\"2023-08-29T05:43:56+00:00\",\"description\":\"Insecurity of teachers: an administrative court condemns the State Overall, the series of judgments delivered by the\",\"breadcrumb\":{\"@id\":\"https:\/\/gregorydamy.niceavocats.fr\/en\/insecurity-of-teachers-an-administrative-court-condemns-the-state\/#breadcrumb\"},\"inLanguage\":\"en-US\",\"potentialAction\":[{\"@type\":\"ReadAction\",\"target\":[\"https:\/\/gregorydamy.niceavocats.fr\/en\/insecurity-of-teachers-an-administrative-court-condemns-the-state\/\"]}]},{\"@type\":\"ImageObject\",\"inLanguage\":\"en-US\",\"@id\":\"https:\/\/gregorydamy.niceavocats.fr\/en\/insecurity-of-teachers-an-administrative-court-condemns-the-state\/#primaryimage\",\"url\":\"https:\/\/gregorydamy.niceavocats.fr\/wp-content\/uploads\/2012\/07\/teacher-4784916_1280.jpg\",\"contentUrl\":\"https:\/\/gregorydamy.niceavocats.fr\/wp-content\/uploads\/2012\/07\/teacher-4784916_1280.jpg\",\"width\":1280,\"height\":853},{\"@type\":\"BreadcrumbList\",\"@id\":\"https:\/\/gregorydamy.niceavocats.fr\/en\/insecurity-of-teachers-an-administrative-court-condemns-the-state\/#breadcrumb\",\"itemListElement\":[{\"@type\":\"ListItem\",\"position\":1,\"name\":\"Accueil\",\"item\":\"https:\/\/gregorydamy.niceavocats.fr\/en\/\"},{\"@type\":\"ListItem\",\"position\":2,\"name\":\"Insecurity of teachers: an administrative court condemns the State\"}]},{\"@type\":\"WebSite\",\"@id\":\"https:\/\/gregorydamy.niceavocats.fr\/en\/#website\",\"url\":\"https:\/\/gregorydamy.niceavocats.fr\/en\/\",\"name\":\"Soci\u00e9t\u00e9 d&#039;avocats Damy\",\"description\":\"Justice - Confiance - Efficacit\u00e9\",\"publisher\":{\"@id\":\"https:\/\/gregorydamy.niceavocats.fr\/en\/#organization\"},\"potentialAction\":[{\"@type\":\"SearchAction\",\"target\":{\"@type\":\"EntryPoint\",\"urlTemplate\":\"https:\/\/gregorydamy.niceavocats.fr\/en\/?s={search_term_string}\"},\"query-input\":{\"@type\":\"PropertyValueSpecification\",\"valueRequired\":true,\"valueName\":\"search_term_string\"}}],\"inLanguage\":\"en-US\"},{\"@type\":\"Organization\",\"@id\":\"https:\/\/gregorydamy.niceavocats.fr\/en\/#organization\",\"name\":\"Soci\u00e9t\u00e9 d'Avocats DAMY\",\"alternateName\":\"Gr\u00e9gory DAMY\",\"url\":\"https:\/\/gregorydamy.niceavocats.fr\/en\/\",\"logo\":{\"@type\":\"ImageObject\",\"inLanguage\":\"en-US\",\"@id\":\"https:\/\/gregorydamy.niceavocats.fr\/en\/#\/schema\/logo\/image\/\",\"url\":\"https:\/\/gregorydamy.niceavocats.fr\/wp-content\/uploads\/2023\/04\/damylogo-1.png\",\"contentUrl\":\"https:\/\/gregorydamy.niceavocats.fr\/wp-content\/uploads\/2023\/04\/damylogo-1.png\",\"width\":1890,\"height\":1417,\"caption\":\"Soci\u00e9t\u00e9 d'Avocats DAMY\"},\"image\":{\"@id\":\"https:\/\/gregorydamy.niceavocats.fr\/en\/#\/schema\/logo\/image\/\"},\"sameAs\":[\"https:\/\/www.facebook.com\/niceavocats.fr\/\"]},{\"@type\":\"Person\",\"@id\":\"https:\/\/gregorydamy.niceavocats.fr\/en\/#\/schema\/person\/e040acb2856efaa1e114d0e7a92a3870\",\"name\":\"Kevin\",\"url\":\"https:\/\/gregorydamy.niceavocats.fr\/en\/author\/kevin\/\"}]}<\/script>\n<!-- \/ Yoast SEO plugin. -->","yoast_head_json":{"title":"Insecurity of teachers: an administrative court condemns the State - Soci\u00e9t\u00e9 d&#039;avocats Damy","description":"Insecurity of teachers: an administrative court condemns the State Overall, the series of judgments delivered by the","robots":{"index":"index","follow":"follow","max-snippet":"max-snippet:-1","max-image-preview":"max-image-preview:large","max-video-preview":"max-video-preview:-1"},"canonical":"https:\/\/gregorydamy.niceavocats.fr\/en\/insecurity-of-teachers-an-administrative-court-condemns-the-state\/","og_locale":"en_US","og_type":"article","og_title":"Insecurity of teachers: an administrative court condemns the State - Soci\u00e9t\u00e9 d&#039;avocats Damy","og_description":"Insecurity of teachers: an administrative court condemns the State Overall, the series of judgments delivered by the","og_url":"https:\/\/gregorydamy.niceavocats.fr\/en\/insecurity-of-teachers-an-administrative-court-condemns-the-state\/","og_site_name":"Soci\u00e9t\u00e9 d&#039;avocats Damy","article_publisher":"https:\/\/www.facebook.com\/niceavocats.fr\/","article_published_time":"2012-07-30T09:41:17+00:00","article_modified_time":"2023-08-29T05:43:56+00:00","og_image":[{"width":1280,"height":853,"url":"https:\/\/gregorydamy.niceavocats.fr\/wp-content\/uploads\/2012\/07\/teacher-4784916_1280.jpg","type":"image\/jpeg"}],"author":"Kevin","twitter_card":"summary_large_image","twitter_misc":{"Written by":"Kevin","Est. reading time":"3 minutes"},"schema":{"@context":"https:\/\/schema.org","@graph":[{"@type":"Article","@id":"https:\/\/gregorydamy.niceavocats.fr\/en\/insecurity-of-teachers-an-administrative-court-condemns-the-state\/#article","isPartOf":{"@id":"https:\/\/gregorydamy.niceavocats.fr\/en\/insecurity-of-teachers-an-administrative-court-condemns-the-state\/"},"author":{"name":"Kevin","@id":"https:\/\/gregorydamy.niceavocats.fr\/en\/#\/schema\/person\/e040acb2856efaa1e114d0e7a92a3870"},"headline":"Insecurity of teachers: an administrative court condemns the State","datePublished":"2012-07-30T09:41:17+00:00","dateModified":"2023-08-29T05:43:56+00:00","mainEntityOfPage":{"@id":"https:\/\/gregorydamy.niceavocats.fr\/en\/insecurity-of-teachers-an-administrative-court-condemns-the-state\/"},"wordCount":784,"commentCount":0,"publisher":{"@id":"https:\/\/gregorydamy.niceavocats.fr\/en\/#organization"},"image":{"@id":"https:\/\/gregorydamy.niceavocats.fr\/en\/insecurity-of-teachers-an-administrative-court-condemns-the-state\/#primaryimage"},"thumbnailUrl":"https:\/\/gregorydamy.niceavocats.fr\/wp-content\/uploads\/2012\/07\/teacher-4784916_1280.jpg","articleSection":["Personal injury law"],"inLanguage":"en-US","potentialAction":[{"@type":"CommentAction","name":"Comment","target":["https:\/\/gregorydamy.niceavocats.fr\/en\/insecurity-of-teachers-an-administrative-court-condemns-the-state\/#respond"]}]},{"@type":"WebPage","@id":"https:\/\/gregorydamy.niceavocats.fr\/en\/insecurity-of-teachers-an-administrative-court-condemns-the-state\/","url":"https:\/\/gregorydamy.niceavocats.fr\/en\/insecurity-of-teachers-an-administrative-court-condemns-the-state\/","name":"Insecurity of teachers: an administrative court condemns the State - Soci\u00e9t\u00e9 d&#039;avocats Damy","isPartOf":{"@id":"https:\/\/gregorydamy.niceavocats.fr\/en\/#website"},"primaryImageOfPage":{"@id":"https:\/\/gregorydamy.niceavocats.fr\/en\/insecurity-of-teachers-an-administrative-court-condemns-the-state\/#primaryimage"},"image":{"@id":"https:\/\/gregorydamy.niceavocats.fr\/en\/insecurity-of-teachers-an-administrative-court-condemns-the-state\/#primaryimage"},"thumbnailUrl":"https:\/\/gregorydamy.niceavocats.fr\/wp-content\/uploads\/2012\/07\/teacher-4784916_1280.jpg","datePublished":"2012-07-30T09:41:17+00:00","dateModified":"2023-08-29T05:43:56+00:00","description":"Insecurity of teachers: an administrative court condemns the State Overall, the series of judgments delivered by the","breadcrumb":{"@id":"https:\/\/gregorydamy.niceavocats.fr\/en\/insecurity-of-teachers-an-administrative-court-condemns-the-state\/#breadcrumb"},"inLanguage":"en-US","potentialAction":[{"@type":"ReadAction","target":["https:\/\/gregorydamy.niceavocats.fr\/en\/insecurity-of-teachers-an-administrative-court-condemns-the-state\/"]}]},{"@type":"ImageObject","inLanguage":"en-US","@id":"https:\/\/gregorydamy.niceavocats.fr\/en\/insecurity-of-teachers-an-administrative-court-condemns-the-state\/#primaryimage","url":"https:\/\/gregorydamy.niceavocats.fr\/wp-content\/uploads\/2012\/07\/teacher-4784916_1280.jpg","contentUrl":"https:\/\/gregorydamy.niceavocats.fr\/wp-content\/uploads\/2012\/07\/teacher-4784916_1280.jpg","width":1280,"height":853},{"@type":"BreadcrumbList","@id":"https:\/\/gregorydamy.niceavocats.fr\/en\/insecurity-of-teachers-an-administrative-court-condemns-the-state\/#breadcrumb","itemListElement":[{"@type":"ListItem","position":1,"name":"Accueil","item":"https:\/\/gregorydamy.niceavocats.fr\/en\/"},{"@type":"ListItem","position":2,"name":"Insecurity of teachers: an administrative court condemns the State"}]},{"@type":"WebSite","@id":"https:\/\/gregorydamy.niceavocats.fr\/en\/#website","url":"https:\/\/gregorydamy.niceavocats.fr\/en\/","name":"Soci\u00e9t\u00e9 d&#039;avocats Damy","description":"Justice - Confiance - Efficacit\u00e9","publisher":{"@id":"https:\/\/gregorydamy.niceavocats.fr\/en\/#organization"},"potentialAction":[{"@type":"SearchAction","target":{"@type":"EntryPoint","urlTemplate":"https:\/\/gregorydamy.niceavocats.fr\/en\/?s={search_term_string}"},"query-input":{"@type":"PropertyValueSpecification","valueRequired":true,"valueName":"search_term_string"}}],"inLanguage":"en-US"},{"@type":"Organization","@id":"https:\/\/gregorydamy.niceavocats.fr\/en\/#organization","name":"Soci\u00e9t\u00e9 d'Avocats DAMY","alternateName":"Gr\u00e9gory DAMY","url":"https:\/\/gregorydamy.niceavocats.fr\/en\/","logo":{"@type":"ImageObject","inLanguage":"en-US","@id":"https:\/\/gregorydamy.niceavocats.fr\/en\/#\/schema\/logo\/image\/","url":"https:\/\/gregorydamy.niceavocats.fr\/wp-content\/uploads\/2023\/04\/damylogo-1.png","contentUrl":"https:\/\/gregorydamy.niceavocats.fr\/wp-content\/uploads\/2023\/04\/damylogo-1.png","width":1890,"height":1417,"caption":"Soci\u00e9t\u00e9 d'Avocats DAMY"},"image":{"@id":"https:\/\/gregorydamy.niceavocats.fr\/en\/#\/schema\/logo\/image\/"},"sameAs":["https:\/\/www.facebook.com\/niceavocats.fr\/"]},{"@type":"Person","@id":"https:\/\/gregorydamy.niceavocats.fr\/en\/#\/schema\/person\/e040acb2856efaa1e114d0e7a92a3870","name":"Kevin","url":"https:\/\/gregorydamy.niceavocats.fr\/en\/author\/kevin\/"}]}},"_links":{"self":[{"href":"https:\/\/gregorydamy.niceavocats.fr\/en\/wp-json\/wp\/v2\/posts\/3428","targetHints":{"allow":["GET"]}}],"collection":[{"href":"https:\/\/gregorydamy.niceavocats.fr\/en\/wp-json\/wp\/v2\/posts"}],"about":[{"href":"https:\/\/gregorydamy.niceavocats.fr\/en\/wp-json\/wp\/v2\/types\/post"}],"author":[{"embeddable":true,"href":"https:\/\/gregorydamy.niceavocats.fr\/en\/wp-json\/wp\/v2\/users\/2"}],"replies":[{"embeddable":true,"href":"https:\/\/gregorydamy.niceavocats.fr\/en\/wp-json\/wp\/v2\/comments?post=3428"}],"version-history":[{"count":0,"href":"https:\/\/gregorydamy.niceavocats.fr\/en\/wp-json\/wp\/v2\/posts\/3428\/revisions"}],"wp:featuredmedia":[{"embeddable":true,"href":"https:\/\/gregorydamy.niceavocats.fr\/en\/wp-json\/wp\/v2\/media\/35043"}],"wp:attachment":[{"href":"https:\/\/gregorydamy.niceavocats.fr\/en\/wp-json\/wp\/v2\/media?parent=3428"}],"wp:term":[{"taxonomy":"category","embeddable":true,"href":"https:\/\/gregorydamy.niceavocats.fr\/en\/wp-json\/wp\/v2\/categories?post=3428"},{"taxonomy":"post_tag","embeddable":true,"href":"https:\/\/gregorydamy.niceavocats.fr\/en\/wp-json\/wp\/v2\/tags?post=3428"}],"curies":[{"name":"wp","href":"https:\/\/api.w.org\/{rel}","templated":true}]}}