{"id":2640,"date":"2012-09-12T12:09:59","date_gmt":"2012-09-12T12:09:59","guid":{"rendered":"https:\/\/gregorydamy.niceavocats.fr\/?p=2640"},"modified":"2023-08-24T05:24:58","modified_gmt":"2023-08-24T05:24:58","slug":"child-travel-restrictions","status":"publish","type":"post","link":"https:\/\/gregorydamy.niceavocats.fr\/en\/child-travel-restrictions\/","title":{"rendered":"Provisions relating to travel restrictions for children: the decree of September 10, 2012"},"content":{"rendered":"<p>[et_pb_section fb_built=&#8221;1&#8243; admin_label=&#8221;section&#8221; _builder_version=&#8221;4.19.5&#8243; custom_margin=&#8221;||0px||false|false&#8221; custom_padding=&#8221;||0px||false|false&#8221; locked=&#8221;off&#8221; global_colors_info=&#8221;{}&#8221;][et_pb_row column_structure=&#8221;1_3,1_3,1_3&#8243; _builder_version=&#8221;4.19.5&#8243; _module_preset=&#8221;default&#8221; background_enable_mask_style=&#8221;on&#8221; background_mask_style=&#8221;wave&#8221; background_mask_color=&#8221;rgba(0,0,0,0.08)&#8221; custom_padding=&#8221;||6px|||&#8221; locked=&#8221;off&#8221; global_colors_info=&#8221;{}&#8221;][et_pb_column type=&#8221;1_3&#8243; _builder_version=&#8221;4.19.5&#8243; _module_preset=&#8221;default&#8221; global_colors_info=&#8221;{}&#8221;][\/et_pb_column][et_pb_column type=&#8221;1_3&#8243; _builder_version=&#8221;4.19.5&#8243; _module_preset=&#8221;default&#8221; global_colors_info=&#8221;{}&#8221;][\/et_pb_column][et_pb_column type=&#8221;1_3&#8243; _builder_version=&#8221;4.19.5&#8243; _module_preset=&#8221;default&#8221; global_colors_info=&#8221;{}&#8221;][et_pb_circle_counter title=&#8221; Estimated reading time (in minutes)&#8221; number=&#8221;2&#8243; percent_sign=&#8221;off&#8221; _builder_version=&#8221;4.19.5&#8243; _module_preset=&#8221;default&#8221; title_font=&#8221;Amiri||||||||&#8221; max_width=&#8221;137px&#8221; global_colors_info=&#8221;{}&#8221;][\/et_pb_circle_counter][\/et_pb_column][\/et_pb_row][et_pb_row _builder_version=&#8221;4.19.5&#8243; _module_preset=&#8221;default&#8221; custom_margin=&#8221;||0px||false|false&#8221; custom_padding=&#8221;||0px||false|false&#8221; global_colors_info=&#8221;{}&#8221;][et_pb_column type=&#8221;4_4&#8243; _builder_version=&#8221;4.19.5&#8243; _module_preset=&#8221;default&#8221; global_colors_info=&#8221;{}&#8221;][et_pb_divider _builder_version=&#8221;4.19.5&#8243; _module_preset=&#8221;default&#8221; global_colors_info=&#8221;{}&#8221;][\/et_pb_divider][\/et_pb_column][\/et_pb_row][et_pb_row admin_label=&#8221;row&#8221; _builder_version=&#8221;4.16&#8243; background_size=&#8221;initial&#8221; background_position=&#8221;top_left&#8221; background_repeat=&#8221;repeat&#8221; global_colors_info=&#8221;{}&#8221;][et_pb_column type=&#8221;4_4&#8243; _builder_version=&#8221;4.16&#8243; custom_padding=&#8221;|||&#8221; global_colors_info=&#8221;{}&#8221; custom_padding__hover=&#8221;|||&#8221;][et_pb_image src=&#8221;https:\/\/gregorydamy.niceavocats.fr\/wp-content\/uploads\/2023\/08\/kid-426365_1280-2.jpg&#8221; title_text=&#8221;kid-426365_1280-2&#8243; _builder_version=&#8221;4.21.0&#8243; _module_preset=&#8221;default&#8221; hover_enabled=&#8221;0&#8243; global_colors_info=&#8221;{}&#8221; sticky_enabled=&#8221;0&#8243;][\/et_pb_image][et_pb_text admin_label=&#8221;Text&#8221; _builder_version=&#8221;4.21.0&#8243; text_font=&#8221;Amiri||||||||&#8221; header_2_font=&#8221;Amiri||||||||&#8221; header_3_font=&#8221;Amiri||||||||&#8221; background_size=&#8221;initial&#8221; background_position=&#8221;top_left&#8221; background_repeat=&#8221;repeat&#8221; hover_enabled=&#8221;0&#8243; global_colors_info=&#8221;{}&#8221; sticky_enabled=&#8221;0&#8243;]<\/p>\n<div class=\"entry-content\">\n<div class=\"et_post_meta_wrapper\">\n<h1 class=\"entry-title\"><span>Provisions relating to travel restrictions for children: the decree of September 10, 2012<\/span><\/h1>\n<p class=\"post-meta\"><a href=\"https:\/\/gregorydamy.niceavocats.fr\/category\/droit-de-la-famille\/\" rel=\"category tag\"><span>Family law<\/span><\/a><\/p>\n<\/div>\n<div class=\"entry-content\">\n<div class=\"et-l et-l--post\">\n<div class=\"et_builder_inner_content et_pb_gutters3\">\n<div class=\"et_pb_section et_pb_section_0 et_section_regular\">\n<div class=\"et_pb_row et_pb_row_0\">\n<div class=\"et_pb_column et_pb_column_1_3 et_pb_column_0  et_pb_css_mix_blend_mode_passthrough et_pb_column_empty\">\u00a0<\/div>\n<div class=\"et_pb_column et_pb_column_1_3 et_pb_column_1  et_pb_css_mix_blend_mode_passthrough et_pb_column_empty\">\u00a0<\/div>\n<div class=\"et_pb_column et_pb_column_1_3 et_pb_column_2  et_pb_css_mix_blend_mode_passthrough et-last-child\">\n<div class=\"et_pb_module et_pb_circle_counter et_pb_circle_counter_0 container-width-change-notify  et_pb_text_align_center et_pb_bg_layout_light et_pb_with_title\">\n<div class=\"et_pb_circle_counter_inner\" data-number-value=\"2\" data-bar-bg-color=\"#ffba60\">\n<div class=\"percent\">\n<p><span class=\"percent-value\"><span>2<\/span><\/span><\/p>\n<\/div>\n<h3 class=\"et_pb_module_header\"><span>Estimated reading time (in minutes)<\/span><\/h3>\n<p><canvas width=\"137\" height=\"137\"><\/canvas><\/div>\n<\/div>\n<\/div>\n<\/div>\n<div class=\"et_pb_row et_pb_row_1\">\n<div class=\"et_pb_column et_pb_column_4_4 et_pb_column_3  et_pb_css_mix_blend_mode_passthrough et-last-child\">\n<div class=\"et_pb_module et_pb_divider et_pb_divider_0 et_pb_divider_position_ et_pb_space\">\n<div class=\"et_pb_divider_internal\">\u00a0<\/div>\n<\/div>\n<\/div>\n<\/div>\n<div class=\"et_pb_row et_pb_row_2\">\n<div class=\"et_pb_column et_pb_column_4_4 et_pb_column_4  et_pb_css_mix_blend_mode_passthrough et-last-child\">\n<div class=\"et_pb_module et_pb_image et_pb_image_0\"><span class=\"et_pb_image_wrap \"><img decoding=\"async\" class=\"wp-image-33665 entered lazyloaded\" title=\"kid-426365_1280-2\" src=\"https:\/\/gregorydamy.niceavocats.fr\/wp-content\/uploads\/2023\/08\/kid-426365_1280-2.jpg\" sizes=\"(min-width: 0px) and (max-width: 480px) 480px, (min-width: 481px) 960px, 100vw\" srcset=\"https:\/\/gregorydamy.niceavocats.fr\/wp-content\/uploads\/2023\/08\/kid-426365_1280-2.jpg 960w, https:\/\/gregorydamy.niceavocats.fr\/wp-content\/uploads\/2023\/08\/kid-426365_1280-2-480x640.jpg 480w\" alt=\"\" width=\"960\" height=\"1280\" data-lazy-srcset=\"https:\/\/gregorydamy.niceavocats.fr\/wp-content\/uploads\/2023\/08\/kid-426365_1280-2.jpg 960w, https:\/\/gregorydamy.niceavocats.fr\/wp-content\/uploads\/2023\/08\/kid-426365_1280-2-480x640.jpg 480w\" data-lazy-sizes=\"(min-width: 0px) and (max-width: 480px) 480px, (min-width: 481px) 960px, 100vw\" data-lazy-src=\"https:\/\/gregorydamy.niceavocats.fr\/wp-content\/uploads\/2023\/08\/kid-426365_1280-2.jpg\" data-ll-status=\"loaded\" \/><\/span><\/div>\n<div class=\"et_pb_module et_pb_text et_pb_text_0  et_pb_text_align_left et_pb_bg_layout_light\">\n<div class=\"et_pb_text_inner\">\n<div class=\"entry-content\">\n<p><span>The order restricting the movement of children of September 10, 2012 sets the necessary provisions for the application of the third paragraph of article 373-2-6 of the civil code, which empowers the family court judge (JAF) to pronounce the ban on removing a child from French territory.\u00a0territory without the consent of both parents.\u00a0This prohibition is recorded in the file of persons wanted by the\u00a0\u00a0<\/span><span>\u00a0public\u00a0<\/span><span>prosecutor .<\/span><\/p>\n<h2><span>Provisions relating to travel restrictions for children: the decree of September 10, 2012: \u2013<\/span><\/h2>\n<p><span>The decree ensures that the JAF registry systematically informs the public prosecutor of all decisions likely to modify the prohibition measure.\u00a0<span class=\"\">In addition, it specifies the procedure for obtaining parental authorization to leave the territory when the JAF has issued an exit ban.\u00a0<\/span>These provisions, which modify certain aspects of the Code of\u00a0\u00a0<\/span><span>Civil Procedure,\u00a0<\/span><span>\u00a0entered into force on October 1, 2012.<\/span><\/p>\n<p><span>The purpose of this decree is to safeguard the well-being of the child and to protect his rights in the event of separation or divorce of the parents.\u00a0By requiring the consent of both parents for international travel, it ensures that any potential risks or disputes are handled appropriately.\u00a0Systematically reporting to the public prosecutor ensures that the authorities are informed of any changes to the prohibition order, which allows for proper enforcement.<\/span><\/p>\n<h2><span>Safeguarding the interests of children: implementing parental consent for international travel: \u2013<\/span><\/h2>\n<p><span>In addition,\u00a0<\/span><a href=\"https:\/\/www.legifrance.gouv.fr\/loda\/id\/JORFTEXT000026362820\"><span>the decree<\/span><\/a><span>\u00a0specifies the procedure for obtaining parental authorization when the JAF has issued a travel ban.\u00a0This ensures that parents wishing to travel with their child can follow the necessary steps to obtain the required authorization, while respecting the court decision on the ban.<\/span><\/p>\n<p><span>By implementing these regulations, the decree aims to establish a clear and consistent framework for dealing with issues related to child custody and international travel.\u00a0It provides guidance to both the\u00a0<\/span><a href=\"https:\/\/gregorydamy.niceavocats.fr\/articles-droit-de-la-famille\/\"><span>JAF<\/span><\/a><span>\u00a0and the prosecutor in the application and monitoring of prohibition measures.\u00a0Ultimately, the decree aims to promote the best interests of the child and maintain stability in cases of international mobility while taking into account decisions made by the family court.<\/span><\/p>\n<\/div>\n<\/div>\n<\/div>\n<\/div>\n<\/div>\n<\/div>\n<\/div>\n<\/div>\n<\/div>\n<\/div>\n<p>[\/et_pb_text][\/et_pb_column][\/et_pb_row][et_pb_row _builder_version=&#8221;4.19.5&#8243; _module_preset=&#8221;default&#8221; custom_margin=&#8221;||0px||false|false&#8221; custom_padding=&#8221;||0px||false|false&#8221; global_colors_info=&#8221;{}&#8221;][et_pb_column type=&#8221;4_4&#8243; _builder_version=&#8221;4.19.5&#8243; _module_preset=&#8221;default&#8221; global_colors_info=&#8221;{}&#8221;][et_pb_divider _builder_version=&#8221;4.19.5&#8243; _module_preset=&#8221;default&#8221; global_colors_info=&#8221;{}&#8221;][\/et_pb_divider][\/et_pb_column][\/et_pb_row][\/et_pb_section]<\/p>\n","protected":false},"excerpt":{"rendered":"<p>Provisions relating to travel restrictions for children: the decree of September 10, 2012 Family law \u00a0 \u00a0 2 Estimated reading time (in minutes) \u00a0 The order restricting the movement of children of September 10, 2012 sets the necessary provisions for the application of the third paragraph of article 373-2-6 of the civil code, which empowers [&hellip;]<\/p>\n","protected":false},"author":2,"featured_media":0,"comment_status":"open","ping_status":"open","sticky":false,"template":"","format":"standard","meta":{"_et_pb_use_builder":"on","_et_pb_old_content":"","_et_gb_content_width":"","footnotes":""},"categories":[303],"tags":[],"class_list":["post-2640","post","type-post","status-publish","format-standard","hentry","category-family-law"],"yoast_head":"<!-- This site is optimized with the Yoast SEO plugin v26.8 - https:\/\/yoast.com\/product\/yoast-seo-wordpress\/ -->\n<title>Provisions relating to travel restrictions for children: the decree of September 10, 2012 - Soci\u00e9t\u00e9 d&#039;avocats Damy<\/title>\n<meta name=\"description\" content=\"Provisions relating to travel restrictions for children: the decree of September 10, 2012 Provisions relating to travel restrictions\" \/>\n<meta name=\"robots\" content=\"index, follow, max-snippet:-1, max-image-preview:large, max-video-preview:-1\" \/>\n<link rel=\"canonical\" href=\"https:\/\/gregorydamy.niceavocats.fr\/en\/child-travel-restrictions\/\" \/>\n<meta property=\"og:locale\" content=\"en_US\" \/>\n<meta property=\"og:type\" content=\"article\" \/>\n<meta property=\"og:title\" content=\"Provisions relating to travel restrictions for children: the decree of September 10, 2012 - Soci\u00e9t\u00e9 d&#039;avocats Damy\" \/>\n<meta property=\"og:description\" content=\"Provisions relating to travel restrictions for children: the decree of September 10, 2012 Provisions relating to travel restrictions\" \/>\n<meta property=\"og:url\" content=\"https:\/\/gregorydamy.niceavocats.fr\/en\/child-travel-restrictions\/\" \/>\n<meta property=\"og:site_name\" content=\"Soci\u00e9t\u00e9 d&#039;avocats Damy\" \/>\n<meta property=\"article:publisher\" content=\"https:\/\/www.facebook.com\/niceavocats.fr\/\" \/>\n<meta property=\"article:published_time\" content=\"2012-09-12T12:09:59+00:00\" \/>\n<meta property=\"article:modified_time\" content=\"2023-08-24T05:24:58+00:00\" \/>\n<meta property=\"og:image\" content=\"https:\/\/gregorydamy.niceavocats.fr\/wp-content\/uploads\/2023\/08\/kid-426365_1280-2.jpg\" \/>\n<meta name=\"author\" content=\"Kevin\" \/>\n<meta name=\"twitter:card\" content=\"summary_large_image\" \/>\n<meta name=\"twitter:label1\" content=\"Written by\" \/>\n\t<meta name=\"twitter:data1\" content=\"Kevin\" \/>\n\t<meta name=\"twitter:label2\" content=\"Est. reading time\" \/>\n\t<meta name=\"twitter:data2\" content=\"3 minutes\" \/>\n<script type=\"application\/ld+json\" class=\"yoast-schema-graph\">{\"@context\":\"https:\/\/schema.org\",\"@graph\":[{\"@type\":\"Article\",\"@id\":\"https:\/\/gregorydamy.niceavocats.fr\/en\/child-travel-restrictions\/#article\",\"isPartOf\":{\"@id\":\"https:\/\/gregorydamy.niceavocats.fr\/en\/child-travel-restrictions\/\"},\"author\":{\"name\":\"Kevin\",\"@id\":\"https:\/\/gregorydamy.niceavocats.fr\/en\/#\/schema\/person\/e040acb2856efaa1e114d0e7a92a3870\"},\"headline\":\"Provisions relating to travel restrictions for children: the decree of September 10, 2012\",\"datePublished\":\"2012-09-12T12:09:59+00:00\",\"dateModified\":\"2023-08-24T05:24:58+00:00\",\"mainEntityOfPage\":{\"@id\":\"https:\/\/gregorydamy.niceavocats.fr\/en\/child-travel-restrictions\/\"},\"wordCount\":726,\"commentCount\":0,\"publisher\":{\"@id\":\"https:\/\/gregorydamy.niceavocats.fr\/en\/#organization\"},\"image\":{\"@id\":\"https:\/\/gregorydamy.niceavocats.fr\/en\/child-travel-restrictions\/#primaryimage\"},\"thumbnailUrl\":\"https:\/\/gregorydamy.niceavocats.fr\/wp-content\/uploads\/2023\/08\/kid-426365_1280-2.jpg\",\"articleSection\":[\"Family law\"],\"inLanguage\":\"en-US\",\"potentialAction\":[{\"@type\":\"CommentAction\",\"name\":\"Comment\",\"target\":[\"https:\/\/gregorydamy.niceavocats.fr\/en\/child-travel-restrictions\/#respond\"]}]},{\"@type\":\"WebPage\",\"@id\":\"https:\/\/gregorydamy.niceavocats.fr\/en\/child-travel-restrictions\/\",\"url\":\"https:\/\/gregorydamy.niceavocats.fr\/en\/child-travel-restrictions\/\",\"name\":\"Provisions relating to travel restrictions for children: the decree of September 10, 2012 - Soci\u00e9t\u00e9 d&#039;avocats Damy\",\"isPartOf\":{\"@id\":\"https:\/\/gregorydamy.niceavocats.fr\/en\/#website\"},\"primaryImageOfPage\":{\"@id\":\"https:\/\/gregorydamy.niceavocats.fr\/en\/child-travel-restrictions\/#primaryimage\"},\"image\":{\"@id\":\"https:\/\/gregorydamy.niceavocats.fr\/en\/child-travel-restrictions\/#primaryimage\"},\"thumbnailUrl\":\"https:\/\/gregorydamy.niceavocats.fr\/wp-content\/uploads\/2023\/08\/kid-426365_1280-2.jpg\",\"datePublished\":\"2012-09-12T12:09:59+00:00\",\"dateModified\":\"2023-08-24T05:24:58+00:00\",\"description\":\"Provisions relating to travel restrictions for children: the decree of September 10, 2012 Provisions relating to travel restrictions\",\"breadcrumb\":{\"@id\":\"https:\/\/gregorydamy.niceavocats.fr\/en\/child-travel-restrictions\/#breadcrumb\"},\"inLanguage\":\"en-US\",\"potentialAction\":[{\"@type\":\"ReadAction\",\"target\":[\"https:\/\/gregorydamy.niceavocats.fr\/en\/child-travel-restrictions\/\"]}]},{\"@type\":\"ImageObject\",\"inLanguage\":\"en-US\",\"@id\":\"https:\/\/gregorydamy.niceavocats.fr\/en\/child-travel-restrictions\/#primaryimage\",\"url\":\"https:\/\/gregorydamy.niceavocats.fr\/wp-content\/uploads\/2023\/08\/kid-426365_1280-2.jpg\",\"contentUrl\":\"https:\/\/gregorydamy.niceavocats.fr\/wp-content\/uploads\/2023\/08\/kid-426365_1280-2.jpg\"},{\"@type\":\"BreadcrumbList\",\"@id\":\"https:\/\/gregorydamy.niceavocats.fr\/en\/child-travel-restrictions\/#breadcrumb\",\"itemListElement\":[{\"@type\":\"ListItem\",\"position\":1,\"name\":\"Accueil\",\"item\":\"https:\/\/gregorydamy.niceavocats.fr\/en\/\"},{\"@type\":\"ListItem\",\"position\":2,\"name\":\"Provisions relating to travel restrictions for children: the decree of September 10, 2012\"}]},{\"@type\":\"WebSite\",\"@id\":\"https:\/\/gregorydamy.niceavocats.fr\/en\/#website\",\"url\":\"https:\/\/gregorydamy.niceavocats.fr\/en\/\",\"name\":\"Soci\u00e9t\u00e9 d&#039;avocats Damy\",\"description\":\"Justice - Confiance - Efficacit\u00e9\",\"publisher\":{\"@id\":\"https:\/\/gregorydamy.niceavocats.fr\/en\/#organization\"},\"potentialAction\":[{\"@type\":\"SearchAction\",\"target\":{\"@type\":\"EntryPoint\",\"urlTemplate\":\"https:\/\/gregorydamy.niceavocats.fr\/en\/?s={search_term_string}\"},\"query-input\":{\"@type\":\"PropertyValueSpecification\",\"valueRequired\":true,\"valueName\":\"search_term_string\"}}],\"inLanguage\":\"en-US\"},{\"@type\":\"Organization\",\"@id\":\"https:\/\/gregorydamy.niceavocats.fr\/en\/#organization\",\"name\":\"Soci\u00e9t\u00e9 d'Avocats DAMY\",\"alternateName\":\"Gr\u00e9gory DAMY\",\"url\":\"https:\/\/gregorydamy.niceavocats.fr\/en\/\",\"logo\":{\"@type\":\"ImageObject\",\"inLanguage\":\"en-US\",\"@id\":\"https:\/\/gregorydamy.niceavocats.fr\/en\/#\/schema\/logo\/image\/\",\"url\":\"https:\/\/gregorydamy.niceavocats.fr\/wp-content\/uploads\/2023\/04\/damylogo-1.png\",\"contentUrl\":\"https:\/\/gregorydamy.niceavocats.fr\/wp-content\/uploads\/2023\/04\/damylogo-1.png\",\"width\":1890,\"height\":1417,\"caption\":\"Soci\u00e9t\u00e9 d'Avocats DAMY\"},\"image\":{\"@id\":\"https:\/\/gregorydamy.niceavocats.fr\/en\/#\/schema\/logo\/image\/\"},\"sameAs\":[\"https:\/\/www.facebook.com\/niceavocats.fr\/\"]},{\"@type\":\"Person\",\"@id\":\"https:\/\/gregorydamy.niceavocats.fr\/en\/#\/schema\/person\/e040acb2856efaa1e114d0e7a92a3870\",\"name\":\"Kevin\",\"url\":\"https:\/\/gregorydamy.niceavocats.fr\/en\/author\/kevin\/\"}]}<\/script>\n<!-- \/ Yoast SEO plugin. -->","yoast_head_json":{"title":"Provisions relating to travel restrictions for children: the decree of September 10, 2012 - Soci\u00e9t\u00e9 d&#039;avocats Damy","description":"Provisions relating to travel restrictions for children: the decree of September 10, 2012 Provisions relating to travel restrictions","robots":{"index":"index","follow":"follow","max-snippet":"max-snippet:-1","max-image-preview":"max-image-preview:large","max-video-preview":"max-video-preview:-1"},"canonical":"https:\/\/gregorydamy.niceavocats.fr\/en\/child-travel-restrictions\/","og_locale":"en_US","og_type":"article","og_title":"Provisions relating to travel restrictions for children: the decree of September 10, 2012 - Soci\u00e9t\u00e9 d&#039;avocats Damy","og_description":"Provisions relating to travel restrictions for children: the decree of September 10, 2012 Provisions relating to travel restrictions","og_url":"https:\/\/gregorydamy.niceavocats.fr\/en\/child-travel-restrictions\/","og_site_name":"Soci\u00e9t\u00e9 d&#039;avocats Damy","article_publisher":"https:\/\/www.facebook.com\/niceavocats.fr\/","article_published_time":"2012-09-12T12:09:59+00:00","article_modified_time":"2023-08-24T05:24:58+00:00","og_image":[{"url":"https:\/\/gregorydamy.niceavocats.fr\/wp-content\/uploads\/2023\/08\/kid-426365_1280-2.jpg","type":"","width":"","height":""}],"author":"Kevin","twitter_card":"summary_large_image","twitter_misc":{"Written by":"Kevin","Est. reading time":"3 minutes"},"schema":{"@context":"https:\/\/schema.org","@graph":[{"@type":"Article","@id":"https:\/\/gregorydamy.niceavocats.fr\/en\/child-travel-restrictions\/#article","isPartOf":{"@id":"https:\/\/gregorydamy.niceavocats.fr\/en\/child-travel-restrictions\/"},"author":{"name":"Kevin","@id":"https:\/\/gregorydamy.niceavocats.fr\/en\/#\/schema\/person\/e040acb2856efaa1e114d0e7a92a3870"},"headline":"Provisions relating to travel restrictions for children: the decree of September 10, 2012","datePublished":"2012-09-12T12:09:59+00:00","dateModified":"2023-08-24T05:24:58+00:00","mainEntityOfPage":{"@id":"https:\/\/gregorydamy.niceavocats.fr\/en\/child-travel-restrictions\/"},"wordCount":726,"commentCount":0,"publisher":{"@id":"https:\/\/gregorydamy.niceavocats.fr\/en\/#organization"},"image":{"@id":"https:\/\/gregorydamy.niceavocats.fr\/en\/child-travel-restrictions\/#primaryimage"},"thumbnailUrl":"https:\/\/gregorydamy.niceavocats.fr\/wp-content\/uploads\/2023\/08\/kid-426365_1280-2.jpg","articleSection":["Family law"],"inLanguage":"en-US","potentialAction":[{"@type":"CommentAction","name":"Comment","target":["https:\/\/gregorydamy.niceavocats.fr\/en\/child-travel-restrictions\/#respond"]}]},{"@type":"WebPage","@id":"https:\/\/gregorydamy.niceavocats.fr\/en\/child-travel-restrictions\/","url":"https:\/\/gregorydamy.niceavocats.fr\/en\/child-travel-restrictions\/","name":"Provisions relating to travel restrictions for children: the decree of September 10, 2012 - Soci\u00e9t\u00e9 d&#039;avocats Damy","isPartOf":{"@id":"https:\/\/gregorydamy.niceavocats.fr\/en\/#website"},"primaryImageOfPage":{"@id":"https:\/\/gregorydamy.niceavocats.fr\/en\/child-travel-restrictions\/#primaryimage"},"image":{"@id":"https:\/\/gregorydamy.niceavocats.fr\/en\/child-travel-restrictions\/#primaryimage"},"thumbnailUrl":"https:\/\/gregorydamy.niceavocats.fr\/wp-content\/uploads\/2023\/08\/kid-426365_1280-2.jpg","datePublished":"2012-09-12T12:09:59+00:00","dateModified":"2023-08-24T05:24:58+00:00","description":"Provisions relating to travel restrictions for children: the decree of September 10, 2012 Provisions relating to travel restrictions","breadcrumb":{"@id":"https:\/\/gregorydamy.niceavocats.fr\/en\/child-travel-restrictions\/#breadcrumb"},"inLanguage":"en-US","potentialAction":[{"@type":"ReadAction","target":["https:\/\/gregorydamy.niceavocats.fr\/en\/child-travel-restrictions\/"]}]},{"@type":"ImageObject","inLanguage":"en-US","@id":"https:\/\/gregorydamy.niceavocats.fr\/en\/child-travel-restrictions\/#primaryimage","url":"https:\/\/gregorydamy.niceavocats.fr\/wp-content\/uploads\/2023\/08\/kid-426365_1280-2.jpg","contentUrl":"https:\/\/gregorydamy.niceavocats.fr\/wp-content\/uploads\/2023\/08\/kid-426365_1280-2.jpg"},{"@type":"BreadcrumbList","@id":"https:\/\/gregorydamy.niceavocats.fr\/en\/child-travel-restrictions\/#breadcrumb","itemListElement":[{"@type":"ListItem","position":1,"name":"Accueil","item":"https:\/\/gregorydamy.niceavocats.fr\/en\/"},{"@type":"ListItem","position":2,"name":"Provisions relating to travel restrictions for children: the decree of September 10, 2012"}]},{"@type":"WebSite","@id":"https:\/\/gregorydamy.niceavocats.fr\/en\/#website","url":"https:\/\/gregorydamy.niceavocats.fr\/en\/","name":"Soci\u00e9t\u00e9 d&#039;avocats Damy","description":"Justice - Confiance - Efficacit\u00e9","publisher":{"@id":"https:\/\/gregorydamy.niceavocats.fr\/en\/#organization"},"potentialAction":[{"@type":"SearchAction","target":{"@type":"EntryPoint","urlTemplate":"https:\/\/gregorydamy.niceavocats.fr\/en\/?s={search_term_string}"},"query-input":{"@type":"PropertyValueSpecification","valueRequired":true,"valueName":"search_term_string"}}],"inLanguage":"en-US"},{"@type":"Organization","@id":"https:\/\/gregorydamy.niceavocats.fr\/en\/#organization","name":"Soci\u00e9t\u00e9 d'Avocats DAMY","alternateName":"Gr\u00e9gory DAMY","url":"https:\/\/gregorydamy.niceavocats.fr\/en\/","logo":{"@type":"ImageObject","inLanguage":"en-US","@id":"https:\/\/gregorydamy.niceavocats.fr\/en\/#\/schema\/logo\/image\/","url":"https:\/\/gregorydamy.niceavocats.fr\/wp-content\/uploads\/2023\/04\/damylogo-1.png","contentUrl":"https:\/\/gregorydamy.niceavocats.fr\/wp-content\/uploads\/2023\/04\/damylogo-1.png","width":1890,"height":1417,"caption":"Soci\u00e9t\u00e9 d'Avocats DAMY"},"image":{"@id":"https:\/\/gregorydamy.niceavocats.fr\/en\/#\/schema\/logo\/image\/"},"sameAs":["https:\/\/www.facebook.com\/niceavocats.fr\/"]},{"@type":"Person","@id":"https:\/\/gregorydamy.niceavocats.fr\/en\/#\/schema\/person\/e040acb2856efaa1e114d0e7a92a3870","name":"Kevin","url":"https:\/\/gregorydamy.niceavocats.fr\/en\/author\/kevin\/"}]}},"_links":{"self":[{"href":"https:\/\/gregorydamy.niceavocats.fr\/en\/wp-json\/wp\/v2\/posts\/2640","targetHints":{"allow":["GET"]}}],"collection":[{"href":"https:\/\/gregorydamy.niceavocats.fr\/en\/wp-json\/wp\/v2\/posts"}],"about":[{"href":"https:\/\/gregorydamy.niceavocats.fr\/en\/wp-json\/wp\/v2\/types\/post"}],"author":[{"embeddable":true,"href":"https:\/\/gregorydamy.niceavocats.fr\/en\/wp-json\/wp\/v2\/users\/2"}],"replies":[{"embeddable":true,"href":"https:\/\/gregorydamy.niceavocats.fr\/en\/wp-json\/wp\/v2\/comments?post=2640"}],"version-history":[{"count":0,"href":"https:\/\/gregorydamy.niceavocats.fr\/en\/wp-json\/wp\/v2\/posts\/2640\/revisions"}],"wp:attachment":[{"href":"https:\/\/gregorydamy.niceavocats.fr\/en\/wp-json\/wp\/v2\/media?parent=2640"}],"wp:term":[{"taxonomy":"category","embeddable":true,"href":"https:\/\/gregorydamy.niceavocats.fr\/en\/wp-json\/wp\/v2\/categories?post=2640"},{"taxonomy":"post_tag","embeddable":true,"href":"https:\/\/gregorydamy.niceavocats.fr\/en\/wp-json\/wp\/v2\/tags?post=2640"}],"curies":[{"name":"wp","href":"https:\/\/api.w.org\/{rel}","templated":true}]}}