{"id":2489,"date":"2013-04-05T13:13:50","date_gmt":"2013-04-05T13:13:50","guid":{"rendered":"https:\/\/gregorydamy.niceavocats.fr\/?p=2489"},"modified":"2023-08-30T05:40:17","modified_gmt":"2023-08-30T05:40:17","slug":"principle-of-secularism-and-conditions-for-exercising-religious-freedom-at-work","status":"publish","type":"post","link":"https:\/\/gregorydamy.niceavocats.fr\/en\/principle-of-secularism-and-conditions-for-exercising-religious-freedom-at-work\/","title":{"rendered":"Principle of secularism and conditions for exercising religious freedom at work"},"content":{"rendered":"<p>[et_pb_section fb_built=&#8221;1&#8243; admin_label=&#8221;section&#8221; _builder_version=&#8221;4.19.5&#8243; custom_margin=&#8221;||0px||false|false&#8221; custom_padding=&#8221;||0px||false|false&#8221; locked=&#8221;off&#8221; global_colors_info=&#8221;{}&#8221;][et_pb_row column_structure=&#8221;1_3,1_3,1_3&#8243; _builder_version=&#8221;4.19.5&#8243; _module_preset=&#8221;default&#8221; background_enable_mask_style=&#8221;on&#8221; background_mask_style=&#8221;wave&#8221; background_mask_color=&#8221;rgba(0,0,0,0.08)&#8221; custom_padding=&#8221;||6px|||&#8221; locked=&#8221;off&#8221; global_colors_info=&#8221;{}&#8221;][et_pb_column type=&#8221;1_3&#8243; _builder_version=&#8221;4.19.5&#8243; _module_preset=&#8221;default&#8221; global_colors_info=&#8221;{}&#8221;][\/et_pb_column][et_pb_column type=&#8221;1_3&#8243; _builder_version=&#8221;4.19.5&#8243; _module_preset=&#8221;default&#8221; global_colors_info=&#8221;{}&#8221;][\/et_pb_column][et_pb_column type=&#8221;1_3&#8243; _builder_version=&#8221;4.19.5&#8243; _module_preset=&#8221;default&#8221; global_colors_info=&#8221;{}&#8221;][et_pb_circle_counter title=&#8221; Estimated reading time (in minutes)&#8221; number=&#8221;2&#8243; percent_sign=&#8221;off&#8221; _builder_version=&#8221;4.19.5&#8243; _module_preset=&#8221;default&#8221; title_font=&#8221;Amiri||||||||&#8221; max_width=&#8221;137px&#8221; global_colors_info=&#8221;{}&#8221;][\/et_pb_circle_counter][\/et_pb_column][\/et_pb_row][et_pb_row _builder_version=&#8221;4.19.5&#8243; _module_preset=&#8221;default&#8221; custom_margin=&#8221;||0px||false|false&#8221; custom_padding=&#8221;||0px||false|false&#8221; global_colors_info=&#8221;{}&#8221;][et_pb_column type=&#8221;4_4&#8243; _builder_version=&#8221;4.19.5&#8243; _module_preset=&#8221;default&#8221; global_colors_info=&#8221;{}&#8221;][et_pb_divider _builder_version=&#8221;4.19.5&#8243; _module_preset=&#8221;default&#8221; global_colors_info=&#8221;{}&#8221;][\/et_pb_divider][et_pb_image src=&#8221;https:\/\/gregorydamy.niceavocats.fr\/wp-content\/uploads\/2023\/08\/job-5382501_1280-2.jpg&#8221; title_text=&#8221;job-5382501_1280-2&#8243; _builder_version=&#8221;4.21.0&#8243; _module_preset=&#8221;default&#8221; hover_enabled=&#8221;0&#8243; global_colors_info=&#8221;{}&#8221; sticky_enabled=&#8221;0&#8243;][\/et_pb_image][\/et_pb_column][\/et_pb_row][et_pb_row admin_label=&#8221;row&#8221; _builder_version=&#8221;4.16&#8243; background_size=&#8221;initial&#8221; background_position=&#8221;top_left&#8221; background_repeat=&#8221;repeat&#8221; global_colors_info=&#8221;{}&#8221;][et_pb_column type=&#8221;4_4&#8243; _builder_version=&#8221;4.16&#8243; custom_padding=&#8221;|||&#8221; global_colors_info=&#8221;{}&#8221; custom_padding__hover=&#8221;|||&#8221;][et_pb_text admin_label=&#8221;Text&#8221; _builder_version=&#8221;4.21.0&#8243; text_font=&#8221;Amiri||||||||&#8221; header_2_font=&#8221;Amiri||||||||&#8221; header_3_font=&#8221;Amiri||||||||&#8221; background_size=&#8221;initial&#8221; background_position=&#8221;top_left&#8221; background_repeat=&#8221;repeat&#8221; hover_enabled=&#8221;0&#8243; global_colors_info=&#8221;{}&#8221; sticky_enabled=&#8221;0&#8243;]<\/p>\n<h2><span>Court cases: Secularism and Religious Freedom, March 2013<\/span><\/h2>\n<p><span>In two judgments rendered on\u00a0<\/span><a href=\"https:\/\/www.legifrance.gouv.fr\/juri\/id\/JURITEXT000027209800\/\"><span>March 19, 2013<\/span><\/a><span>\u00a0, the Court of Cassation has just ruled on the principle of secularism and on the conditions for exercising religious freedom at work.<\/span><\/p>\n<p><span>In both cases, it was an employee who challenged her dismissal, based on the refusal to remove, at her workplace, her Islamic headscarf, revealing her face but covering her hair.\u00a0In one case, the employee worked in a private cr\u00e8che, in the other for a health insurance fund.\u00a0Thus, the private sector opposes the public sector, again dividing France in two and weakening the principle of secularism.\u00a0The responsibility for such a principle, in a one and indivisible Republic, should it not be shared and assumed by all?\u00a0In the case of the private nursery, the Court of Cassation recalls that the principle of secularism and neutrality established by the Constitution is not applicable to the employees of employers under private law who do not manage a public service.\u00a0Despite its mission of general interest, a private cr\u00e8che cannot be considered as managing a public service.\u00a0Under these conditions, considers the Court, restrictions on religious freedom are only possible if they are justified by the nature of the task to be performed, meet an essential occupational requirement and are proportionate to the objective sought.\u00a0This is not the case of a general secularism clause appearing in the rules of procedure of the cr\u00e8che and applicable to all its jobs.\u00a0Here, despite the prevailing legal separatism, the private company asked its employees to commit to secular Republican neutrality, going beyond the legitimate and legal domain of such a requirement.\u00a0Undoubtedly, she wanted to be more royalist than the king, and the dismissal was reversed.\u00a0On the other hand, in a public service,\u00a0the principle of secularism prevails.\u00a0Thus, in the case concerning the Primary Health Insurance Fund, the Court ruled that the principles of neutrality and secularism are applicable to all public services, even when they are managed by bodies governed by private law, as is the case with a primary social security fund.\u00a0Consequently, its agents, even those who are not in contact with the users, are subject to specific constraints prohibiting them in particular from manifesting their religious convictions by external signs, in particular clothing.\u00a0The dismissal was validated.\u00a0If, in the first case, the highest Republican court seems to prohibit its citizens from being Republicans (a Republic against Republican secularism), the second tends to associate all social spaces, private or public,\u00a0to this secular responsibility.\u00a0However, because unity does not mean uniformity, it is important to take into account the specificity of each in order to adapt jointly around the same principle.<\/span><\/p>\n<h2><span>Private sector: Secularism in a private cr\u00e8che<\/span><\/h2>\n<p><span>In a court case concerning the private sector, more specifically a private cr\u00e8che, the principle of secularism was examined.\u00a0The Court of Cassation clarified that the principle of secularism and neutrality, established by the Constitution, does not apply to employees of private employers who do not manage a public service.\u00a0Although a private cr\u00e8che may have a mission of general interest, it is not considered to be managing a public service.\u00a0Therefore, restrictions on religious freedom can only be imposed if they are justified by the nature of the work, meet essential occupational requirements and are proportionate.\u00a0The court struck down the dismissal in this case, highlighting the limits of secular requirements in private companies.<\/span><\/p>\n<p><a href=\"https:\/\/gregorydamy.niceavocats.fr\/\"><span>DAMY law firm<\/span><\/a><\/p>\n<p>[\/et_pb_text][\/et_pb_column][\/et_pb_row][et_pb_row _builder_version=&#8221;4.19.5&#8243; _module_preset=&#8221;default&#8221; custom_margin=&#8221;||0px||false|false&#8221; custom_padding=&#8221;||0px||false|false&#8221; global_colors_info=&#8221;{}&#8221;][et_pb_column type=&#8221;4_4&#8243; _builder_version=&#8221;4.19.5&#8243; _module_preset=&#8221;default&#8221; global_colors_info=&#8221;{}&#8221;][et_pb_divider _builder_version=&#8221;4.19.5&#8243; _module_preset=&#8221;default&#8221; global_colors_info=&#8221;{}&#8221;][\/et_pb_divider][\/et_pb_column][\/et_pb_row][\/et_pb_section]<\/p>\n","protected":false},"excerpt":{"rendered":"<p>Court cases: Secularism and Religious Freedom, March 2013 In two judgments rendered on\u00a0March 19, 2013\u00a0, the Court of Cassation has just ruled on the principle of secularism and on the conditions for exercising religious freedom at work. In both cases, it was an employee who challenged her dismissal, based on the refusal to remove, at [&hellip;]<\/p>\n","protected":false},"author":2,"featured_media":0,"comment_status":"open","ping_status":"open","sticky":false,"template":"","format":"standard","meta":{"_et_pb_use_builder":"on","_et_pb_old_content":"","_et_gb_content_width":"","footnotes":""},"categories":[308],"tags":[],"class_list":["post-2489","post","type-post","status-publish","format-standard","hentry","category-labour-law"],"yoast_head":"<!-- This site is optimized with the Yoast SEO plugin v26.8 - https:\/\/yoast.com\/product\/yoast-seo-wordpress\/ -->\n<title>Principle of secularism and conditions for exercising religious freedom at work - Soci\u00e9t\u00e9 d&#039;avocats Damy<\/title>\n<meta name=\"description\" content=\"Principle of secularism and conditions for exercising religious freedom at work In two judgments rendered on March 19, 2013,\" \/>\n<meta name=\"robots\" content=\"index, follow, max-snippet:-1, max-image-preview:large, max-video-preview:-1\" \/>\n<link rel=\"canonical\" href=\"https:\/\/gregorydamy.niceavocats.fr\/en\/principle-of-secularism-and-conditions-for-exercising-religious-freedom-at-work\/\" \/>\n<meta property=\"og:locale\" content=\"en_US\" \/>\n<meta property=\"og:type\" content=\"article\" \/>\n<meta property=\"og:title\" content=\"Principle of secularism and conditions for exercising religious freedom at work - Soci\u00e9t\u00e9 d&#039;avocats Damy\" \/>\n<meta property=\"og:description\" content=\"Principle of secularism and conditions for exercising religious freedom at work In two judgments rendered on March 19, 2013,\" \/>\n<meta property=\"og:url\" content=\"https:\/\/gregorydamy.niceavocats.fr\/en\/principle-of-secularism-and-conditions-for-exercising-religious-freedom-at-work\/\" \/>\n<meta property=\"og:site_name\" content=\"Soci\u00e9t\u00e9 d&#039;avocats Damy\" \/>\n<meta property=\"article:publisher\" content=\"https:\/\/www.facebook.com\/niceavocats.fr\/\" \/>\n<meta property=\"article:published_time\" content=\"2013-04-05T13:13:50+00:00\" \/>\n<meta property=\"article:modified_time\" content=\"2023-08-30T05:40:17+00:00\" \/>\n<meta name=\"author\" content=\"Kevin\" \/>\n<meta name=\"twitter:card\" content=\"summary_large_image\" \/>\n<meta name=\"twitter:label1\" content=\"Written by\" \/>\n\t<meta name=\"twitter:data1\" content=\"Kevin\" \/>\n\t<meta name=\"twitter:label2\" content=\"Est. reading time\" \/>\n\t<meta name=\"twitter:data2\" content=\"4 minutes\" \/>\n<script type=\"application\/ld+json\" class=\"yoast-schema-graph\">{\"@context\":\"https:\/\/schema.org\",\"@graph\":[{\"@type\":\"Article\",\"@id\":\"https:\/\/gregorydamy.niceavocats.fr\/en\/principle-of-secularism-and-conditions-for-exercising-religious-freedom-at-work\/#article\",\"isPartOf\":{\"@id\":\"https:\/\/gregorydamy.niceavocats.fr\/en\/principle-of-secularism-and-conditions-for-exercising-religious-freedom-at-work\/\"},\"author\":{\"name\":\"Kevin\",\"@id\":\"https:\/\/gregorydamy.niceavocats.fr\/en\/#\/schema\/person\/e040acb2856efaa1e114d0e7a92a3870\"},\"headline\":\"Principle of secularism and conditions for exercising religious freedom at work\",\"datePublished\":\"2013-04-05T13:13:50+00:00\",\"dateModified\":\"2023-08-30T05:40:17+00:00\",\"mainEntityOfPage\":{\"@id\":\"https:\/\/gregorydamy.niceavocats.fr\/en\/principle-of-secularism-and-conditions-for-exercising-religious-freedom-at-work\/\"},\"wordCount\":946,\"commentCount\":0,\"publisher\":{\"@id\":\"https:\/\/gregorydamy.niceavocats.fr\/en\/#organization\"},\"articleSection\":[\"Labour law\"],\"inLanguage\":\"en-US\",\"potentialAction\":[{\"@type\":\"CommentAction\",\"name\":\"Comment\",\"target\":[\"https:\/\/gregorydamy.niceavocats.fr\/en\/principle-of-secularism-and-conditions-for-exercising-religious-freedom-at-work\/#respond\"]}]},{\"@type\":\"WebPage\",\"@id\":\"https:\/\/gregorydamy.niceavocats.fr\/en\/principle-of-secularism-and-conditions-for-exercising-religious-freedom-at-work\/\",\"url\":\"https:\/\/gregorydamy.niceavocats.fr\/en\/principle-of-secularism-and-conditions-for-exercising-religious-freedom-at-work\/\",\"name\":\"Principle of secularism and conditions for exercising religious freedom at work - Soci\u00e9t\u00e9 d&#039;avocats Damy\",\"isPartOf\":{\"@id\":\"https:\/\/gregorydamy.niceavocats.fr\/en\/#website\"},\"datePublished\":\"2013-04-05T13:13:50+00:00\",\"dateModified\":\"2023-08-30T05:40:17+00:00\",\"description\":\"Principle of secularism and conditions for exercising religious freedom at work In two judgments rendered on March 19, 2013,\",\"breadcrumb\":{\"@id\":\"https:\/\/gregorydamy.niceavocats.fr\/en\/principle-of-secularism-and-conditions-for-exercising-religious-freedom-at-work\/#breadcrumb\"},\"inLanguage\":\"en-US\",\"potentialAction\":[{\"@type\":\"ReadAction\",\"target\":[\"https:\/\/gregorydamy.niceavocats.fr\/en\/principle-of-secularism-and-conditions-for-exercising-religious-freedom-at-work\/\"]}]},{\"@type\":\"BreadcrumbList\",\"@id\":\"https:\/\/gregorydamy.niceavocats.fr\/en\/principle-of-secularism-and-conditions-for-exercising-religious-freedom-at-work\/#breadcrumb\",\"itemListElement\":[{\"@type\":\"ListItem\",\"position\":1,\"name\":\"Accueil\",\"item\":\"https:\/\/gregorydamy.niceavocats.fr\/en\/\"},{\"@type\":\"ListItem\",\"position\":2,\"name\":\"Principle of secularism and conditions for exercising religious freedom at work\"}]},{\"@type\":\"WebSite\",\"@id\":\"https:\/\/gregorydamy.niceavocats.fr\/en\/#website\",\"url\":\"https:\/\/gregorydamy.niceavocats.fr\/en\/\",\"name\":\"Soci\u00e9t\u00e9 d&#039;avocats Damy\",\"description\":\"Justice - Confiance - Efficacit\u00e9\",\"publisher\":{\"@id\":\"https:\/\/gregorydamy.niceavocats.fr\/en\/#organization\"},\"potentialAction\":[{\"@type\":\"SearchAction\",\"target\":{\"@type\":\"EntryPoint\",\"urlTemplate\":\"https:\/\/gregorydamy.niceavocats.fr\/en\/?s={search_term_string}\"},\"query-input\":{\"@type\":\"PropertyValueSpecification\",\"valueRequired\":true,\"valueName\":\"search_term_string\"}}],\"inLanguage\":\"en-US\"},{\"@type\":\"Organization\",\"@id\":\"https:\/\/gregorydamy.niceavocats.fr\/en\/#organization\",\"name\":\"Soci\u00e9t\u00e9 d'Avocats DAMY\",\"alternateName\":\"Gr\u00e9gory DAMY\",\"url\":\"https:\/\/gregorydamy.niceavocats.fr\/en\/\",\"logo\":{\"@type\":\"ImageObject\",\"inLanguage\":\"en-US\",\"@id\":\"https:\/\/gregorydamy.niceavocats.fr\/en\/#\/schema\/logo\/image\/\",\"url\":\"https:\/\/gregorydamy.niceavocats.fr\/wp-content\/uploads\/2023\/04\/damylogo-1.png\",\"contentUrl\":\"https:\/\/gregorydamy.niceavocats.fr\/wp-content\/uploads\/2023\/04\/damylogo-1.png\",\"width\":1890,\"height\":1417,\"caption\":\"Soci\u00e9t\u00e9 d'Avocats DAMY\"},\"image\":{\"@id\":\"https:\/\/gregorydamy.niceavocats.fr\/en\/#\/schema\/logo\/image\/\"},\"sameAs\":[\"https:\/\/www.facebook.com\/niceavocats.fr\/\"]},{\"@type\":\"Person\",\"@id\":\"https:\/\/gregorydamy.niceavocats.fr\/en\/#\/schema\/person\/e040acb2856efaa1e114d0e7a92a3870\",\"name\":\"Kevin\",\"url\":\"https:\/\/gregorydamy.niceavocats.fr\/en\/author\/kevin\/\"}]}<\/script>\n<!-- \/ Yoast SEO plugin. -->","yoast_head_json":{"title":"Principle of secularism and conditions for exercising religious freedom at work - Soci\u00e9t\u00e9 d&#039;avocats Damy","description":"Principle of secularism and conditions for exercising religious freedom at work In two judgments rendered on March 19, 2013,","robots":{"index":"index","follow":"follow","max-snippet":"max-snippet:-1","max-image-preview":"max-image-preview:large","max-video-preview":"max-video-preview:-1"},"canonical":"https:\/\/gregorydamy.niceavocats.fr\/en\/principle-of-secularism-and-conditions-for-exercising-religious-freedom-at-work\/","og_locale":"en_US","og_type":"article","og_title":"Principle of secularism and conditions for exercising religious freedom at work - Soci\u00e9t\u00e9 d&#039;avocats Damy","og_description":"Principle of secularism and conditions for exercising religious freedom at work In two judgments rendered on March 19, 2013,","og_url":"https:\/\/gregorydamy.niceavocats.fr\/en\/principle-of-secularism-and-conditions-for-exercising-religious-freedom-at-work\/","og_site_name":"Soci\u00e9t\u00e9 d&#039;avocats Damy","article_publisher":"https:\/\/www.facebook.com\/niceavocats.fr\/","article_published_time":"2013-04-05T13:13:50+00:00","article_modified_time":"2023-08-30T05:40:17+00:00","author":"Kevin","twitter_card":"summary_large_image","twitter_misc":{"Written by":"Kevin","Est. reading time":"4 minutes"},"schema":{"@context":"https:\/\/schema.org","@graph":[{"@type":"Article","@id":"https:\/\/gregorydamy.niceavocats.fr\/en\/principle-of-secularism-and-conditions-for-exercising-religious-freedom-at-work\/#article","isPartOf":{"@id":"https:\/\/gregorydamy.niceavocats.fr\/en\/principle-of-secularism-and-conditions-for-exercising-religious-freedom-at-work\/"},"author":{"name":"Kevin","@id":"https:\/\/gregorydamy.niceavocats.fr\/en\/#\/schema\/person\/e040acb2856efaa1e114d0e7a92a3870"},"headline":"Principle of secularism and conditions for exercising religious freedom at work","datePublished":"2013-04-05T13:13:50+00:00","dateModified":"2023-08-30T05:40:17+00:00","mainEntityOfPage":{"@id":"https:\/\/gregorydamy.niceavocats.fr\/en\/principle-of-secularism-and-conditions-for-exercising-religious-freedom-at-work\/"},"wordCount":946,"commentCount":0,"publisher":{"@id":"https:\/\/gregorydamy.niceavocats.fr\/en\/#organization"},"articleSection":["Labour law"],"inLanguage":"en-US","potentialAction":[{"@type":"CommentAction","name":"Comment","target":["https:\/\/gregorydamy.niceavocats.fr\/en\/principle-of-secularism-and-conditions-for-exercising-religious-freedom-at-work\/#respond"]}]},{"@type":"WebPage","@id":"https:\/\/gregorydamy.niceavocats.fr\/en\/principle-of-secularism-and-conditions-for-exercising-religious-freedom-at-work\/","url":"https:\/\/gregorydamy.niceavocats.fr\/en\/principle-of-secularism-and-conditions-for-exercising-religious-freedom-at-work\/","name":"Principle of secularism and conditions for exercising religious freedom at work - Soci\u00e9t\u00e9 d&#039;avocats Damy","isPartOf":{"@id":"https:\/\/gregorydamy.niceavocats.fr\/en\/#website"},"datePublished":"2013-04-05T13:13:50+00:00","dateModified":"2023-08-30T05:40:17+00:00","description":"Principle of secularism and conditions for exercising religious freedom at work In two judgments rendered on March 19, 2013,","breadcrumb":{"@id":"https:\/\/gregorydamy.niceavocats.fr\/en\/principle-of-secularism-and-conditions-for-exercising-religious-freedom-at-work\/#breadcrumb"},"inLanguage":"en-US","potentialAction":[{"@type":"ReadAction","target":["https:\/\/gregorydamy.niceavocats.fr\/en\/principle-of-secularism-and-conditions-for-exercising-religious-freedom-at-work\/"]}]},{"@type":"BreadcrumbList","@id":"https:\/\/gregorydamy.niceavocats.fr\/en\/principle-of-secularism-and-conditions-for-exercising-religious-freedom-at-work\/#breadcrumb","itemListElement":[{"@type":"ListItem","position":1,"name":"Accueil","item":"https:\/\/gregorydamy.niceavocats.fr\/en\/"},{"@type":"ListItem","position":2,"name":"Principle of secularism and conditions for exercising religious freedom at work"}]},{"@type":"WebSite","@id":"https:\/\/gregorydamy.niceavocats.fr\/en\/#website","url":"https:\/\/gregorydamy.niceavocats.fr\/en\/","name":"Soci\u00e9t\u00e9 d&#039;avocats Damy","description":"Justice - Confiance - Efficacit\u00e9","publisher":{"@id":"https:\/\/gregorydamy.niceavocats.fr\/en\/#organization"},"potentialAction":[{"@type":"SearchAction","target":{"@type":"EntryPoint","urlTemplate":"https:\/\/gregorydamy.niceavocats.fr\/en\/?s={search_term_string}"},"query-input":{"@type":"PropertyValueSpecification","valueRequired":true,"valueName":"search_term_string"}}],"inLanguage":"en-US"},{"@type":"Organization","@id":"https:\/\/gregorydamy.niceavocats.fr\/en\/#organization","name":"Soci\u00e9t\u00e9 d'Avocats DAMY","alternateName":"Gr\u00e9gory DAMY","url":"https:\/\/gregorydamy.niceavocats.fr\/en\/","logo":{"@type":"ImageObject","inLanguage":"en-US","@id":"https:\/\/gregorydamy.niceavocats.fr\/en\/#\/schema\/logo\/image\/","url":"https:\/\/gregorydamy.niceavocats.fr\/wp-content\/uploads\/2023\/04\/damylogo-1.png","contentUrl":"https:\/\/gregorydamy.niceavocats.fr\/wp-content\/uploads\/2023\/04\/damylogo-1.png","width":1890,"height":1417,"caption":"Soci\u00e9t\u00e9 d'Avocats DAMY"},"image":{"@id":"https:\/\/gregorydamy.niceavocats.fr\/en\/#\/schema\/logo\/image\/"},"sameAs":["https:\/\/www.facebook.com\/niceavocats.fr\/"]},{"@type":"Person","@id":"https:\/\/gregorydamy.niceavocats.fr\/en\/#\/schema\/person\/e040acb2856efaa1e114d0e7a92a3870","name":"Kevin","url":"https:\/\/gregorydamy.niceavocats.fr\/en\/author\/kevin\/"}]}},"_links":{"self":[{"href":"https:\/\/gregorydamy.niceavocats.fr\/en\/wp-json\/wp\/v2\/posts\/2489","targetHints":{"allow":["GET"]}}],"collection":[{"href":"https:\/\/gregorydamy.niceavocats.fr\/en\/wp-json\/wp\/v2\/posts"}],"about":[{"href":"https:\/\/gregorydamy.niceavocats.fr\/en\/wp-json\/wp\/v2\/types\/post"}],"author":[{"embeddable":true,"href":"https:\/\/gregorydamy.niceavocats.fr\/en\/wp-json\/wp\/v2\/users\/2"}],"replies":[{"embeddable":true,"href":"https:\/\/gregorydamy.niceavocats.fr\/en\/wp-json\/wp\/v2\/comments?post=2489"}],"version-history":[{"count":0,"href":"https:\/\/gregorydamy.niceavocats.fr\/en\/wp-json\/wp\/v2\/posts\/2489\/revisions"}],"wp:attachment":[{"href":"https:\/\/gregorydamy.niceavocats.fr\/en\/wp-json\/wp\/v2\/media?parent=2489"}],"wp:term":[{"taxonomy":"category","embeddable":true,"href":"https:\/\/gregorydamy.niceavocats.fr\/en\/wp-json\/wp\/v2\/categories?post=2489"},{"taxonomy":"post_tag","embeddable":true,"href":"https:\/\/gregorydamy.niceavocats.fr\/en\/wp-json\/wp\/v2\/tags?post=2489"}],"curies":[{"name":"wp","href":"https:\/\/api.w.org\/{rel}","templated":true}]}}